{"id":291234,"date":"2021-08-07T12:17:34","date_gmt":"2021-08-07T16:17:34","guid":{"rendered":"http:\/\/diariodominicano.com\/?p=291234"},"modified":"2021-08-07T12:17:34","modified_gmt":"2021-08-07T16:17:34","slug":"tony-pena-guaba-dice-ya-son-40-los-apresados-por-estafa-millonaria-al-programa-quedate-en-casa","status":"publish","type":"post","link":"https:\/\/diariodominicano.com\/?p=291234","title":{"rendered":"Tony Pe\u00f1a Guaba dice ya son 40 los apresados por estafa millonaria al programa \u201cQu\u00e9date en Casa\u201d"},"content":{"rendered":"\n<p>diariodominicano.com<\/p>\n\n\n\n<p>Santo Domingo.,  R. D.,  7 de agosto, 2021.-  El Coordinador del Gabinete de Pol\u00edtica Social de la Presidencia, Tony Pe\u00f1a Guaba, inform\u00f3 que ascienden a 40 el total de\u00a0\u00a0personas que han sido sometidas a la justicia acusadas de participar en la defraudaci\u00f3n millonaria al programa de asistencia social \u201cQu\u00e9date en Casa\u201d, que supera los RD$294 millones de pesos. \u00a0<\/p>\n\n\n\n<p>Indic\u00f3 que al inicio del programa, en abril de 2020, se beneficiaban 800 mil personas con la modalidad de tarjetas, pero con la pandemia del Covid 19 se ampli\u00f3 la cantidad a 760 mil nuevos beneficiados incorporados s\u00f3lo con el n\u00famero de c\u00e9dula de identidad, lo que provoc\u00f3 que el sistema se hiciera muy vulnerable. &nbsp;<\/p>\n\n\n\n<p>Al ser entrevistado por los periodistas Wanda S\u00e1nchez y Kelvin de la Cruz en el programa radial \u201cEl Ambiente de la Tarde\u201d, el funcionario advirti\u00f3 que aunque se han disminuido la cantidad de robos al programa, todav\u00eda existen. &nbsp;<\/p>\n\n\n\n<p>\u201cEs un proceso largo y nos tomar\u00e1 como un a\u00f1o, pero hemos logrado reducir los casos y estamos trabajando a fondo en eso con nuestro departamento de inteligencia. Ya tenemos 30 o 40 personas apresadas. No sabemos la cantidad real de dinero que fue sustra\u00eddo porque solo se ha contabilizado lo robado con las denuncias que hicieron los usuarios, pero mucha gente no lo denunci\u00f3 porque pens\u00f3 que simplemente lo hab\u00edan sacado del programa. Ya hemos intervenido en Puerto Plata, San Pedro de Macor\u00eds, Santo Domingo Este y Norte, Barahona y seguimos detr\u00e1s de eso\u201d, explic\u00f3. &nbsp;<\/p>\n\n\n\n<p>Pe\u00f1a Guaba se\u00f1al\u00f3 que adem\u00e1s han iniciado un proceso de desmonte a las 547 mil personas beneficiadas que entraron al programa con el n\u00famero de c\u00e9dula para entregarle la tarjeta, cuyo sistema es m\u00e1s seguro y no ha sido vulnerado. &nbsp;<\/p>\n\n\n\n<p>Se recuerda que alrededor de 125 mil denuncias de retiro de los fondos de beneficiarios del programa se investigan a trav\u00e9s del Departamento de Investigaciones de Cr\u00edmenes y Delitos de Alta Tecnolog\u00eda de la Polic\u00eda Nacional (Dicat) y la Administradora de Subsidios Sociales (ADESS) por estafas al programa social que se ejecutaban en comercios de la Red de Abastecimiento Social (RAS), espec\u00edficamente en colmados y almacenes. &nbsp;<\/p>\n\n\n\n<p><strong>\u201cHemos acercado el Gabinete a la gente\u201d &nbsp;<\/strong><\/p>\n\n\n\n<p>El dirigente pol\u00edtico del PRM dijo que en este primer a\u00f1o de gesti\u00f3n al frente del Gabinete de Pol\u00edtica Social se han enfocado en acercarse a la gente con nuevos programas.&nbsp;Puntualiz\u00f3 que el 29% de j\u00f3venes en Rep\u00fablica Dominicana ni trabajan ni estudian, seg\u00fan datos de la CEPAL, lo que motiv\u00f3 al gobierno del presidente Lu\u00eds Abinader iniciar programas como el de \u201cOportunidad 1424\u201d, que busca generar una nueva realidad para j\u00f3venes con edades entre 14 y 24 a\u00f1os que viven en situaci\u00f3n de vulnerabilidad.&nbsp;&nbsp;&nbsp;<\/p>\n\n\n\n<p>\u201cEs un programa sumamente complejo en el intervienen varias instituciones del Estado, porque estamos trabajando con j\u00f3venes que est\u00e1n en permanente conflicto con la Ley. Esta semana abrimos el centro n\u00famero 13 en La Ci\u00e9naga. Este a\u00f1o vamos abrir 25 centros comunitarios para ser intervenidos con el programa Oportunidad 1424 y pr\u00f3ximo a\u00f1o pensamos llegar a 100 centros\u201d, relev\u00f3. &nbsp;<\/p>\n\n\n\n<p>El programa radial \u201cEl Ambiente de la Tarde\u201d, que dirige la comunicadora Wanda S\u00e1nchez, se transmite de Lunes a Viernes a las 4 de la tarde por Quisqueya 96.1 FM, con la co-conducci\u00f3n del periodista Kelvin de la Cruz y participaci\u00f3n de un equipo de profesionales en los temas de salud, econom\u00eda, pol\u00edtica, migraci\u00f3n, derecho jur\u00eddico y turismo.\u00a0\u00a0\u00a0<\/p>\n\n\n\n<figure class=\"wp-block-table\"><table><tbody><tr><td>Fuente:  W<strong>anda S\u00e1nchez Soriano<\/strong><\/td><\/tr><\/tbody><\/table><\/figure>\n\n\n\n<p><\/p>\n","protected":false},"excerpt":{"rendered":"<p>diariodominicano.com Santo Domingo., R. D., 7 de agosto, 2021.- El Coordinador del Gabinete de Pol\u00edtica Social de la Presidencia, Tony Pe\u00f1a Guaba, inform\u00f3 que ascienden a 40 el total de\u00a0\u00a0personas que han sido sometidas a la justicia acusadas de participar en la defraudaci\u00f3n millonaria al programa de asistencia social \u201cQu\u00e9date en Casa\u201d, que supera los [&hellip;]<\/p>\n","protected":false},"author":5,"featured_media":291235,"comment_status":"closed","ping_status":"","sticky":true,"template":"","format":"standard","meta":{"footnotes":""},"categories":[20,27],"tags":[],"class_list":["post-291234","post","type-post","status-publish","format-standard","has-post-thumbnail","hentry","category-dominicana-hoy","category-portada"],"_links":{"self":[{"href":"https:\/\/diariodominicano.com\/index.php?rest_route=\/wp\/v2\/posts\/291234","targetHints":{"allow":["GET"]}}],"collection":[{"href":"https:\/\/diariodominicano.com\/index.php?rest_route=\/wp\/v2\/posts"}],"about":[{"href":"https:\/\/diariodominicano.com\/index.php?rest_route=\/wp\/v2\/types\/post"}],"author":[{"embeddable":true,"href":"https:\/\/diariodominicano.com\/index.php?rest_route=\/wp\/v2\/users\/5"}],"replies":[{"embeddable":true,"href":"https:\/\/diariodominicano.com\/index.php?rest_route=%2Fwp%2Fv2%2Fcomments&post=291234"}],"version-history":[{"count":1,"href":"https:\/\/diariodominicano.com\/index.php?rest_route=\/wp\/v2\/posts\/291234\/revisions"}],"predecessor-version":[{"id":291236,"href":"https:\/\/diariodominicano.com\/index.php?rest_route=\/wp\/v2\/posts\/291234\/revisions\/291236"}],"wp:featuredmedia":[{"embeddable":true,"href":"https:\/\/diariodominicano.com\/index.php?rest_route=\/wp\/v2\/media\/291235"}],"wp:attachment":[{"href":"https:\/\/diariodominicano.com\/index.php?rest_route=%2Fwp%2Fv2%2Fmedia&parent=291234"}],"wp:term":[{"taxonomy":"category","embeddable":true,"href":"https:\/\/diariodominicano.com\/index.php?rest_route=%2Fwp%2Fv2%2Fcategories&post=291234"},{"taxonomy":"post_tag","embeddable":true,"href":"https:\/\/diariodominicano.com\/index.php?rest_route=%2Fwp%2Fv2%2Ftags&post=291234"}],"curies":[{"name":"wp","href":"https:\/\/api.w.org\/{rel}","templated":true}]}}