{"id":291159,"date":"2021-08-06T20:39:16","date_gmt":"2021-08-07T00:39:16","guid":{"rendered":"http:\/\/diariodominicano.com\/?p=291159"},"modified":"2021-08-06T20:39:16","modified_gmt":"2021-08-07T00:39:16","slug":"medio-ambiente-autoridad-portuaria-y-empresas-firman-memorandum-que-pone-fin-a-situaciones-medioambientales-en-el-puerto-de-barahona","status":"publish","type":"post","link":"https:\/\/diariodominicano.com\/?p=291159","title":{"rendered":"Medio Ambiente, Autoridad Portuaria y empresas firman memor\u00e1ndum que pone fin a situaciones medioambientales en el puerto de Barahona"},"content":{"rendered":"\n<p>diariodominicano.com<\/p>\n\n\n\n<p><strong>Santo Domingo,  R. D.,  6 de agosto, 2021.-<\/strong>\u00a0El Ministerio de Medio Ambiente y Recursos Naturales firm\u00f3 un memor\u00e1ndum de entendimiento con la Autoridad Portuaria Dominicana (APORDOM) y las empresas Khoury Industrial, Cemex Dominicana y Belfond Enterprise, que pondr\u00e1 fin a las situaciones ambientales producidas por las actividades de transporte y exportaci\u00f3n de materiales\u00a0mineros que se realizan en el puerto de Barahona.<\/p>\n\n\n\n<p>Con esta medida el referido puerto ser\u00e1 intervenido por las partes firmantes para adecuarlo y as\u00ed evitar afectaciones para el medio ambiente y la poblaci\u00f3n de esa provincia raz\u00f3n por la que fueron suspendidas estas operaciones por parte del Ministerio que hizo uso de sus facultades.<\/p>\n\n\n\n<p>El ministro de Medio Ambiente Orlando Jorge Mera, precis\u00f3 que mediante este convenio la instituci\u00f3n que dirige se compromete a levantar las restricciones de las actividades contenidas en el art\u00edculo primero de&nbsp; la Resoluci\u00f3n N\u00fam. 0026\/2021, de fecha 18 de junio de 2021 con la que se suspendi\u00f3 el manejo y transporte de agregados y productos mineros en el muelle y las v\u00edas de comunicaci\u00f3n (el malec\u00f3n, las calles y las carreteras), de la referida provincia sure\u00f1a.<\/p>\n\n\n\n<p>El levantamiento de la suspensi\u00f3n se da tras las empresas adoptar la disposici\u00f3n del Ministerio contenida en la Resoluci\u00f3n 0026-2021 que ordena higienizar los veh\u00edculos antes de salir de sus instalaciones, usar lonas herm\u00e9ticas en el transporte de los materiales y cumplir con todas las medidas indicadas en sus respectivos planes de manejo, incluyendo rutas y medidas de precauci\u00f3n para evitar accidentes.<\/p>\n\n\n\n<p>Adem\u00e1s del ministro, el memor\u00e1ndum fue firmado por Jean Luis Rodr\u00edguez, director de APORDOM, as\u00ed como Sadala Khoury, representante de Khoury Industrial, Jos\u00e9 Antonio Cabrera, por parte de&nbsp;Cemex Dominicana y Julio Cesar Helena Ortiz de Belfond Enterprise, quienes saludaron la acogida y se comprometieron a realizar las adecuaciones necesarias para prevenir afectaciones ambientales durante el transporte y exportaciones de los materiales.<\/p>\n\n\n\n<p>\u201cCon esta memor\u00e1ndum vamos a trabajar en la adecuaci\u00f3n ambiental del muelle de la provincia de Barahona, en ese sentido cada una de las partes presentes sobre todo las del sector privada van a contribuir con aportes para lograr esta adecuaci\u00f3n ambiental que incluye desde una plantaci\u00f3n de \u00e1rboles que vamos a hacer en la pared que da hacia la avenida del Puerto y una serie de restauraciones ecol\u00f3gicas que haremos ah\u00ed\u201d, manifest\u00f3 Orlando Jorge Mera.<\/p>\n\n\n\n<p>En el memor\u00e1ndum el Ministerio, Apordom, Khoury Industrial, Cemex Dominicana y Belfond Enterprise, asumieron el compromiso de remover la costra de material compactado y pavimentar el \u00e1rea con pendientes negativas en direcci\u00f3n a la costa, as\u00ed como colocar un borde de control de escorrent\u00eda en direcci\u00f3n hacia el mar. Adem\u00e1s construir un sistema de drenaje pluvial, colectores de sedimentos y una cortina verde.<\/p>\n\n\n\n<p>Acordaron tambi\u00e9n introducir otras mejoras menores que pudieran surgir durante la elaboraci\u00f3n del proyecto, tales como iluminaci\u00f3n, se\u00f1alizaci\u00f3n, pintura, verja perimetral, demolici\u00f3n de estructuras, entre otras.<\/p>\n\n\n\n<figure class=\"wp-block-table\"><table><tbody><tr><td> Fuente:   <strong>Autoridad Portuaria Dominicana<\/strong><\/td><\/tr><\/tbody><\/table><\/figure>\n","protected":false},"excerpt":{"rendered":"<p>diariodominicano.com Santo Domingo, R. D., 6 de agosto, 2021.-\u00a0El Ministerio de Medio Ambiente y Recursos Naturales firm\u00f3 un memor\u00e1ndum de entendimiento con la Autoridad Portuaria Dominicana (APORDOM) y las empresas Khoury Industrial, Cemex Dominicana y Belfond Enterprise, que pondr\u00e1 fin a las situaciones ambientales producidas por las actividades de transporte y exportaci\u00f3n de materiales\u00a0mineros que [&hellip;]<\/p>\n","protected":false},"author":5,"featured_media":291167,"comment_status":"closed","ping_status":"","sticky":true,"template":"","format":"standard","meta":{"footnotes":""},"categories":[20,27],"tags":[],"class_list":["post-291159","post","type-post","status-publish","format-standard","has-post-thumbnail","hentry","category-dominicana-hoy","category-portada"],"_links":{"self":[{"href":"https:\/\/diariodominicano.com\/index.php?rest_route=\/wp\/v2\/posts\/291159","targetHints":{"allow":["GET"]}}],"collection":[{"href":"https:\/\/diariodominicano.com\/index.php?rest_route=\/wp\/v2\/posts"}],"about":[{"href":"https:\/\/diariodominicano.com\/index.php?rest_route=\/wp\/v2\/types\/post"}],"author":[{"embeddable":true,"href":"https:\/\/diariodominicano.com\/index.php?rest_route=\/wp\/v2\/users\/5"}],"replies":[{"embeddable":true,"href":"https:\/\/diariodominicano.com\/index.php?rest_route=%2Fwp%2Fv2%2Fcomments&post=291159"}],"version-history":[{"count":1,"href":"https:\/\/diariodominicano.com\/index.php?rest_route=\/wp\/v2\/posts\/291159\/revisions"}],"predecessor-version":[{"id":291168,"href":"https:\/\/diariodominicano.com\/index.php?rest_route=\/wp\/v2\/posts\/291159\/revisions\/291168"}],"wp:featuredmedia":[{"embeddable":true,"href":"https:\/\/diariodominicano.com\/index.php?rest_route=\/wp\/v2\/media\/291167"}],"wp:attachment":[{"href":"https:\/\/diariodominicano.com\/index.php?rest_route=%2Fwp%2Fv2%2Fmedia&parent=291159"}],"wp:term":[{"taxonomy":"category","embeddable":true,"href":"https:\/\/diariodominicano.com\/index.php?rest_route=%2Fwp%2Fv2%2Fcategories&post=291159"},{"taxonomy":"post_tag","embeddable":true,"href":"https:\/\/diariodominicano.com\/index.php?rest_route=%2Fwp%2Fv2%2Ftags&post=291159"}],"curies":[{"name":"wp","href":"https:\/\/api.w.org\/{rel}","templated":true}]}}