{"id":291149,"date":"2021-08-07T01:59:43","date_gmt":"2021-08-07T05:59:43","guid":{"rendered":"http:\/\/diariodominicano.com\/?p=291149"},"modified":"2021-08-07T01:59:43","modified_gmt":"2021-08-07T05:59:43","slug":"empresa-capital-dominicano-nyc-lanza-producto-belleza-mercado-estados-unidos","status":"publish","type":"post","link":"https:\/\/diariodominicano.com\/?p=291149","title":{"rendered":"Empresa capital dominicano NYC lanza producto belleza mercado Estados Unidos"},"content":{"rendered":"\n<p><strong>Por Ram\u00f3n Mercedes<\/strong><\/p>\n\n\n\n<p><strong>NUEVA YORK.-<\/strong>&nbsp;Con la asistencia de decenas de mujeres hispanas, la empresa de capital dominicano en esta ciudad \u201cVella Beauty\u201d lanz\u00f3 recientemente su producto de belleza \u201cLas Pesta\u00f1as\u201d<\/p>\n\n\n\n<p>Durante un lujoso acto efectuado en el local \u201cStudio\u201d, ubicado en el 2054 del Cross Bronx Expressway, en el condado de El Bronx, la presidente de la empresa Hensey Valdez expres\u00f3 \u201cse brindar\u00e1 un producto de calidad, a buen precio para todas las mujeres que quieran incursionar en la belleza.<\/p>\n\n\n\n<p>Dijo que las mujeres no tienen que esperar una situaci\u00f3n importante para hacerse sentir bellas, tenemos el motivo en la vida, porque cada vez que nos levantamos tenemos un motivo para ser bella, sostuvo.<\/p>\n\n\n\n<p>Indic\u00f3 que para lograr impacto en la mirada y obtener un maquillaje sensacional, las pesta\u00f1as postizas son en gran medida un punto clave para potenciarlo, existe una gran variedad de modelos en el mercado lo que permite resaltar lo que cada persona desee.<\/p>\n\n\n\n<p>Sostuvo que hay varios tipos de pesta\u00f1as, entre ellas, pesta\u00f1as enteras, la media pesta\u00f1a, pesta\u00f1as postizas individuales, y pesta\u00f1as de fantas\u00eda.<\/p>\n\n\n\n<p>A\u00f1adi\u00f3 que los productos est\u00e1n a nivel presencial en la Rep\u00fablica Dominicana, Colombia y Estados Unidos, pudiendo ser adquiridos a trav\u00e9s de los distribuidores autorizados. A nivel mundial en la p\u00e1gina web&nbsp;<a href=\"http:\/\/www.vellabeauty.co\/\" target=\"_blank\" rel=\"noreferrer noopener\">www.vellabeauty.co<\/a>&nbsp;o al tel\u00e9fono 929-777-1920<\/p>\n\n\n\n<p>Manifest\u00f3 que el plan inmediato de la empresa es durar un a\u00f1o distribuyendo los productos en Colombia, RD y EUA, luego hacer una reevaluaci\u00f3n para expandirnos a otros pa\u00edses.<\/p>\n\n\n\n<p>Al final del evento se brind\u00f3 una exquisita cena, acompa\u00f1a de diferentes bebidas.<\/p>\n","protected":false},"excerpt":{"rendered":"<p>Por Ram\u00f3n Mercedes NUEVA YORK.-&nbsp;Con la asistencia de decenas de mujeres hispanas, la empresa de capital dominicano en esta ciudad \u201cVella Beauty\u201d lanz\u00f3 recientemente su producto de belleza \u201cLas Pesta\u00f1as\u201d Durante un lujoso acto efectuado en el local \u201cStudio\u201d, ubicado en el 2054 del Cross Bronx Expressway, en el condado de El Bronx, la presidente [&hellip;]<\/p>\n","protected":false},"author":7,"featured_media":291191,"comment_status":"closed","ping_status":"","sticky":true,"template":"","format":"standard","meta":{"footnotes":""},"categories":[23,27],"tags":[],"class_list":["post-291149","post","type-post","status-publish","format-standard","has-post-thumbnail","hentry","category-internacional","category-portada"],"_links":{"self":[{"href":"https:\/\/diariodominicano.com\/index.php?rest_route=\/wp\/v2\/posts\/291149","targetHints":{"allow":["GET"]}}],"collection":[{"href":"https:\/\/diariodominicano.com\/index.php?rest_route=\/wp\/v2\/posts"}],"about":[{"href":"https:\/\/diariodominicano.com\/index.php?rest_route=\/wp\/v2\/types\/post"}],"author":[{"embeddable":true,"href":"https:\/\/diariodominicano.com\/index.php?rest_route=\/wp\/v2\/users\/7"}],"replies":[{"embeddable":true,"href":"https:\/\/diariodominicano.com\/index.php?rest_route=%2Fwp%2Fv2%2Fcomments&post=291149"}],"version-history":[{"count":1,"href":"https:\/\/diariodominicano.com\/index.php?rest_route=\/wp\/v2\/posts\/291149\/revisions"}],"predecessor-version":[{"id":291192,"href":"https:\/\/diariodominicano.com\/index.php?rest_route=\/wp\/v2\/posts\/291149\/revisions\/291192"}],"wp:featuredmedia":[{"embeddable":true,"href":"https:\/\/diariodominicano.com\/index.php?rest_route=\/wp\/v2\/media\/291191"}],"wp:attachment":[{"href":"https:\/\/diariodominicano.com\/index.php?rest_route=%2Fwp%2Fv2%2Fmedia&parent=291149"}],"wp:term":[{"taxonomy":"category","embeddable":true,"href":"https:\/\/diariodominicano.com\/index.php?rest_route=%2Fwp%2Fv2%2Fcategories&post=291149"},{"taxonomy":"post_tag","embeddable":true,"href":"https:\/\/diariodominicano.com\/index.php?rest_route=%2Fwp%2Fv2%2Ftags&post=291149"}],"curies":[{"name":"wp","href":"https:\/\/api.w.org\/{rel}","templated":true}]}}