{"id":291148,"date":"2021-08-06T20:46:02","date_gmt":"2021-08-07T00:46:02","guid":{"rendered":"http:\/\/diariodominicano.com\/?p=291148"},"modified":"2021-08-06T20:46:02","modified_gmt":"2021-08-07T00:46:02","slug":"ministerio-publico-califica-de-contundente-la-acusacion-contra-imputados-por-la-venta-de-terrenos-en-los-tres-brazos","status":"publish","type":"post","link":"https:\/\/diariodominicano.com\/?p=291148","title":{"rendered":"Ministerio P\u00fablico califica de contundente la acusaci\u00f3n contra imputados por la venta de terrenos en Los Tres Brazos"},"content":{"rendered":"\n<p><em><u>La audiencia preliminar en el Sexto Juzgado de la Instrucci\u00f3n fue aplazada este viernes para el pr\u00f3ximo 27 de agosto<\/u><\/em><\/p>\n\n\n\n<p>SANTO DOMINGO (Rep\u00fablica Dominicana).- El fiscal Jos\u00e9 Miguel Marmolejos, de la Procuradur\u00eda Especializada de Persecuci\u00f3n de la Corrupci\u00f3n Administrativa (Pepca), calific\u00f3 este viernes de contundente la acusaci\u00f3n del Ministerio P\u00fablico en contra de los imputados en la audiencia preliminar por la venta ilegal de terrenos en el sector Los Tres Brazos.<\/p>\n\n\n\n<p>El representante del Ministerio P\u00fablico destac\u00f3 \u201cla contundencia de la acusaci\u00f3n en t\u00e9rminos probatorios\u201d y se mostr\u00f3 confiado de que en este caso habr\u00e1 condenas.<\/p>\n\n\n\n<p>El Sexto Juzgado de la Instrucci\u00f3n aplaz\u00f3 la audiencia de este viernes para el pr\u00f3ximo 27 de agosto a las 2:00 de la tarde, luego de que el juez Juan Francisco Rodr\u00edguez Consor\u00f3 acogiera una solicitud de la defensa de uno de los encartados por presentar s\u00edntomas de COVID-19.&nbsp;&nbsp;<\/p>\n\n\n\n<p>Al ser cuestionado sobre la lentitud del proceso, Marmolejos indic\u00f3 que el juicio preliminar ha sido afectado por la pandemia y que, incluso, en las dos \u00faltimas audiencias hubo aplazamientos porque representantes de algunas de las partes envueltas han estado afectados de coronavirus, casos en los que resulta entendible la suspensi\u00f3n. \u201cSin embargo, va marchando y, ciertamente, se va conocer y se va a conocer pronto\u201d, apunt\u00f3.<\/p>\n\n\n\n<p>Por la venta ilegal de terrenos en el sector Los Tres Brazos, de Santo Domingo Este, est\u00e1 imputado Leoncio Alm\u00e1nzar, exdirector de la Corporaci\u00f3n Dominicana de Empresas Estatales (Corde).<\/p>\n\n\n\n<p>Adem\u00e1s, la Pepca acusa a Manuel Aybar Ferrando, exgerente inmobiliario de Corde; Irving Jos\u00e9 Cruz Crespo, exconsultor jur\u00eddico, y Rosabel Castillo Rolffot, exregistradora de t\u00edtulos del Distrito Nacional.<\/p>\n\n\n\n<p>Igualmente, son procesados Juana In\u00e9s G\u00f3mez Williams, representante de la sociedad Proyecciones Gowi S.R.L.; Domingo Gerardo Lebr\u00f3n de los Santos, presidente de Inversiones Fern\u00e1ndez Parache y Asociados (Infepa), S.R.L., y los empleados de esa empresa Carlos Aris G\u00f3mez Williams y Julio C\u00e9sar G\u00f3mez Williams.<\/p>\n\n\n\n<p>Tambi\u00e9n, Jos\u00e9 Enrique de Pool Dominici, principal accionista y representante de la entidad inmobiliaria Titulatec; los agrimensores Ana Antonia Ozuna Nolasco y Hadonis Ruiz Mella, as\u00ed como Lisetel Gonz\u00e1lez, quien prest\u00f3 su nombre en condici\u00f3n de conviviente del imputado Manuel Aybar, para recibir dos apartamentos destinados a beneficiar al exgerente inmobiliario de Corde.&nbsp;&nbsp;<\/p>\n\n\n\n<p>El Ministerio P\u00fablico tambi\u00e9n acusa a las sociedades comerciales Proyecciones Inmobiliarias Gowi S.R.L. (Proyinsa), Soluciones Electr\u00f3nicas Sidenet S.R.L., Infepa, Titulatec S.R.L y Tekknowlogic Dominicana S.R.L.&nbsp;<\/p>\n\n\n\n<p>La acusaci\u00f3n establece que los citados funcionarios p\u00fablicos se coludieron entre s\u00ed para violar el ordenamiento jur\u00eddico constitucional y legal a fin de desfalcar al Estado dominicano, vendiendo a precios p\u00edrricos todo un sector habitado, de m\u00e1s de un mill\u00f3n de metros cuadrados, a un grupo de empresarios agrupados en la compa\u00f1\u00eda Infepa.<\/p>\n\n\n\n<p>El caso ha recibido la calificaci\u00f3n jur\u00eddica de violaci\u00f3n a varios art\u00edculos del C\u00f3digo Penal Dominicano y la Ley No. 448-06, sobre Soborno en el Comercio y la Inversi\u00f3n.<\/p>\n\n\n\n<p>El equipo litigante del Ministerio P\u00fablico est\u00e1 dirigido por el titular de la Pepca, procurador adjunto Wilson Camacho, y lo integran los fiscales Jos\u00e9 Miguel Marmolejos, Mar\u00eda Melenciano, Isis de la Cruz y Rosa Pichardo.<\/p>\n\n\n\n<p><strong>Direcci\u00f3n de Comunicaci\u00f3n y Prensa<\/strong><\/p>\n\n\n\n<p><\/p>\n","protected":false},"excerpt":{"rendered":"<p>La audiencia preliminar en el Sexto Juzgado de la Instrucci\u00f3n fue aplazada este viernes para el pr\u00f3ximo 27 de agosto SANTO DOMINGO (Rep\u00fablica Dominicana).- El fiscal Jos\u00e9 Miguel Marmolejos, de la Procuradur\u00eda Especializada de Persecuci\u00f3n de la Corrupci\u00f3n Administrativa (Pepca), calific\u00f3 este viernes de contundente la acusaci\u00f3n del Ministerio P\u00fablico en contra de los imputados [&hellip;]<\/p>\n","protected":false},"author":7,"featured_media":291172,"comment_status":"closed","ping_status":"","sticky":true,"template":"","format":"standard","meta":{"footnotes":""},"categories":[24,27],"tags":[],"class_list":["post-291148","post","type-post","status-publish","format-standard","has-post-thumbnail","hentry","category-justicia-y-derecho","category-portada"],"_links":{"self":[{"href":"https:\/\/diariodominicano.com\/index.php?rest_route=\/wp\/v2\/posts\/291148","targetHints":{"allow":["GET"]}}],"collection":[{"href":"https:\/\/diariodominicano.com\/index.php?rest_route=\/wp\/v2\/posts"}],"about":[{"href":"https:\/\/diariodominicano.com\/index.php?rest_route=\/wp\/v2\/types\/post"}],"author":[{"embeddable":true,"href":"https:\/\/diariodominicano.com\/index.php?rest_route=\/wp\/v2\/users\/7"}],"replies":[{"embeddable":true,"href":"https:\/\/diariodominicano.com\/index.php?rest_route=%2Fwp%2Fv2%2Fcomments&post=291148"}],"version-history":[{"count":1,"href":"https:\/\/diariodominicano.com\/index.php?rest_route=\/wp\/v2\/posts\/291148\/revisions"}],"predecessor-version":[{"id":291175,"href":"https:\/\/diariodominicano.com\/index.php?rest_route=\/wp\/v2\/posts\/291148\/revisions\/291175"}],"wp:featuredmedia":[{"embeddable":true,"href":"https:\/\/diariodominicano.com\/index.php?rest_route=\/wp\/v2\/media\/291172"}],"wp:attachment":[{"href":"https:\/\/diariodominicano.com\/index.php?rest_route=%2Fwp%2Fv2%2Fmedia&parent=291148"}],"wp:term":[{"taxonomy":"category","embeddable":true,"href":"https:\/\/diariodominicano.com\/index.php?rest_route=%2Fwp%2Fv2%2Fcategories&post=291148"},{"taxonomy":"post_tag","embeddable":true,"href":"https:\/\/diariodominicano.com\/index.php?rest_route=%2Fwp%2Fv2%2Ftags&post=291148"}],"curies":[{"name":"wp","href":"https:\/\/api.w.org\/{rel}","templated":true}]}}