{"id":291121,"date":"2021-08-06T15:43:08","date_gmt":"2021-08-06T19:43:08","guid":{"rendered":"http:\/\/diariodominicano.com\/?p=291121"},"modified":"2021-08-06T15:46:22","modified_gmt":"2021-08-06T19:46:22","slug":"consideraciones-sobre-la-auditoria-gubernamental","status":"publish","type":"post","link":"https:\/\/diariodominicano.com\/?p=291121","title":{"rendered":"CONSIDERACIONES SOBRE LA AUDITORIA GUBERNAMENTAL"},"content":{"rendered":"\n<p><strong>Por :\u00a0 Lic. Pedro\u00a0 Tejeda, C P A<\/strong><\/p>\n\n\n\n<p><strong>Santo Domingo, 6 agosto 2021<\/strong>.- ( Red Social Codi\u00a0).- A\u00a0 la decisi\u00f3n del actual gobierno dominicano de auditar\u00a0 la gesti\u00f3n de su antecesor en las diferentes entidades\u00a0 p\u00fablicas,\u00a0 mediante\u00a0 la contrataci\u00f3n de\u00a0 firmas privadas de\u00a0 auditor\u00eda\u00a0 por parte de la Contralor\u00eda General de la Rep\u00fablica,\u00a0 le\u00a0 han salido al frente\u00a0 personas no calificadas\u00a0 en\u00a0 la\u00a0 materia, cuestionando la calidad de la contralor\u00eda para ejecutar esas auditorias, alegando que no es su competencia, sino de la C\u00e1mara de Cuentas , incluso, citando algunos art\u00edculos legales para sustentar su oposici\u00f3n.<\/p>\n\n\n\n<p>Sin embargo, ni en la Constituci\u00f3n de la Rep\u00fablica -la constituci\u00f3n-,\u00a0 ni en\u00a0 la ley 10-04\u00a0 sobre\u00a0 C\u00e1mara de\u00a0 Cuentas\u00a0 -C C-,\u00a0 ni en la ley 10-07 de la Contralor\u00eda \u00a0General de la Rep\u00fablica\u00a0\u2013C G R-,\u00a0 aparece menci\u00f3n alguna que expresamente\u00a0 se oponga a tal decisi\u00f3n gubernamental.<\/p>\n\n\n\n<p>Por el contrario, la constituci\u00f3n, en su art\u00edculo 128,&nbsp; ac\u00e1pite 2-e,&nbsp; sobre las atribuciones del Presidente de la Rep\u00fablica,&nbsp; le ordena&nbsp; a este&nbsp; \u201c<strong>Velar por la buena recaudaci\u00f3n y fiel inversi\u00f3n de las rentas &nbsp;nacionales\u201d<\/strong>.<\/p>\n\n\n\n<p>Tambi\u00e9n la ley 10-07 en el art\u00edculo 14, ac\u00e1pite 7-a, manda a la C G R &nbsp;a &nbsp;realizar &nbsp;investigaciones &nbsp;administrativas&nbsp;<strong>&nbsp;\u201cDe las desviaciones en el uso e inversi\u00f3n de los recursos p\u00fablicos, detectadas en uso de su atribuci\u00f3n evaluadora o a solicitud del Poder Ejecutivo o de las entidades y organismos p\u00fablicos bajo el \u00e1mbito de aplicaci\u00f3n de esta ley\u201d.<\/strong><\/p>\n\n\n\n<p>Y va mas lejos, &nbsp;en el ac\u00e1pite 8 de ese mismo art\u00edculo 14, le ordena : &nbsp;<strong>\u201cCuando los resultados de las investigaciones que realice lo justifiquen remitir\u00e1 los antecedentes de la misma al Ministerio P\u00fablico\u201d<\/strong><\/p>\n\n\n\n<p>Como si fuera poco y para rematar, en el ac\u00e1pite 11 de ese mismo art\u00edculo 14, se le ordena &nbsp;&nbsp;a la C G R&nbsp;&nbsp;<strong>\u201c<\/strong><strong>Efectuar las inspecciones especiales o espec\u00edficas previstas en la presente ley<\/strong>\u201d.&nbsp; L\u00e9ase bien<strong>&nbsp;:<\/strong><strong>&nbsp;\u201c<\/strong><strong>Efectuar &nbsp;inspecciones especiales o espec\u00edficas.<\/strong><\/p>\n\n\n\n<p>Debemos resaltar que, en ning\u00fan caso se le especifica a la&nbsp; C G R&nbsp; los medios o tipos de auditor\u00edas a&nbsp; aplicar en dichas investigaciones e inspecciones, pues son herramientas t\u00e9cnicas&nbsp; que &nbsp;quedan&nbsp; a &nbsp;&nbsp;la &nbsp;&nbsp;decisi\u00f3n del usuario, en este caso, &nbsp;la C G R .<\/p>\n\n\n\n<p>Nada le impide a la&nbsp; C G R &nbsp;realizar cualquier &nbsp;auditoria que considere necesaria para cumplir con su deber de asegurarse que los recursos p\u00fablicos hayan sido bien&nbsp; utilizados.<\/p>\n\n\n\n<p>Continuando, el articulo 15, sobre la competencia&nbsp; que tiene la&nbsp; C G R&nbsp; para establecer responsabilidades, le confiere a esta lo&nbsp; siguiente :&nbsp;&nbsp;&nbsp;<strong>\u201cSin perjuicio de las atribuciones de la C\u00e1mara de Cuentas o de cualquier otro organismo sobre la materia, la Contralor\u00eda General de la Rep\u00fablica, de acuerdo con el respectivo reglamento que dicte el Poder Ejecutivo, podr\u00e1 establecer las responsabilidades de car\u00e1cter administrativo y civil de los servidores p\u00fablicos, que detecte en el ejercicio de sus atribuciones y funciones, con base en el respectivo informe de evaluaci\u00f3n o Auditor\u00eda Interna\u201d.<\/strong><\/p>\n\n\n\n<p><strong>\u00a0<\/strong>Debemos agregar que la ley de gastos p\u00fablicos del Estado Dominicano es una ley de cumplimiento obligatorio por todos los ciudadanos, igual que todas las dem\u00e1s leyes. En consecuencia su violaci\u00f3n tiene sanciones, y que es obligaci\u00f3n del gobierno velar por el uso \u00e9tico y transparente de dichos recursos p\u00fablicos, que sus uso este apegado estrictamente a los planes gubernamentales aprobados por el congreso de la rep\u00fablica, mediante dicha ley y que los responsables de\u00a0 sus\u00a0 violaciones, desviando fondos p\u00fablicos a prop\u00f3sitos no establecidos en la misma\u00a0 deben ser puesto a\u00a0 la acci\u00f3n de la justicia <\/p>\n","protected":false},"excerpt":{"rendered":"<p>Por :\u00a0 Lic. Pedro\u00a0 Tejeda, C P A Santo Domingo, 6 agosto 2021.- ( Red Social Codi\u00a0).- A\u00a0 la decisi\u00f3n del actual gobierno dominicano de auditar\u00a0 la gesti\u00f3n de su antecesor en las diferentes entidades\u00a0 p\u00fablicas,\u00a0 mediante\u00a0 la contrataci\u00f3n de\u00a0 firmas privadas de\u00a0 auditor\u00eda\u00a0 por parte de la Contralor\u00eda General de la Rep\u00fablica,\u00a0 le\u00a0 han [&hellip;]<\/p>\n","protected":false},"author":7,"featured_media":291134,"comment_status":"closed","ping_status":"","sticky":true,"template":"","format":"standard","meta":{"footnotes":""},"categories":[19,27],"tags":[],"class_list":["post-291121","post","type-post","status-publish","format-standard","has-post-thumbnail","hentry","category-mi-voz","category-portada"],"_links":{"self":[{"href":"https:\/\/diariodominicano.com\/index.php?rest_route=\/wp\/v2\/posts\/291121","targetHints":{"allow":["GET"]}}],"collection":[{"href":"https:\/\/diariodominicano.com\/index.php?rest_route=\/wp\/v2\/posts"}],"about":[{"href":"https:\/\/diariodominicano.com\/index.php?rest_route=\/wp\/v2\/types\/post"}],"author":[{"embeddable":true,"href":"https:\/\/diariodominicano.com\/index.php?rest_route=\/wp\/v2\/users\/7"}],"replies":[{"embeddable":true,"href":"https:\/\/diariodominicano.com\/index.php?rest_route=%2Fwp%2Fv2%2Fcomments&post=291121"}],"version-history":[{"count":5,"href":"https:\/\/diariodominicano.com\/index.php?rest_route=\/wp\/v2\/posts\/291121\/revisions"}],"predecessor-version":[{"id":291139,"href":"https:\/\/diariodominicano.com\/index.php?rest_route=\/wp\/v2\/posts\/291121\/revisions\/291139"}],"wp:featuredmedia":[{"embeddable":true,"href":"https:\/\/diariodominicano.com\/index.php?rest_route=\/wp\/v2\/media\/291134"}],"wp:attachment":[{"href":"https:\/\/diariodominicano.com\/index.php?rest_route=%2Fwp%2Fv2%2Fmedia&parent=291121"}],"wp:term":[{"taxonomy":"category","embeddable":true,"href":"https:\/\/diariodominicano.com\/index.php?rest_route=%2Fwp%2Fv2%2Fcategories&post=291121"},{"taxonomy":"post_tag","embeddable":true,"href":"https:\/\/diariodominicano.com\/index.php?rest_route=%2Fwp%2Fv2%2Ftags&post=291121"}],"curies":[{"name":"wp","href":"https:\/\/api.w.org\/{rel}","templated":true}]}}