{"id":291052,"date":"2021-08-06T11:41:31","date_gmt":"2021-08-06T15:41:31","guid":{"rendered":"http:\/\/diariodominicano.com\/?p=291052"},"modified":"2021-08-06T11:41:31","modified_gmt":"2021-08-06T15:41:31","slug":"plata-olimpica-de-marileidy-paulino-paraliza-dominicana","status":"publish","type":"post","link":"https:\/\/diariodominicano.com\/?p=291052","title":{"rendered":"Plata ol\u00edmpica de Marileidy Paulino paraliza Dominicana"},"content":{"rendered":"\n<p>diariodominicano.com<\/p>\n\n\n\n<p>Santo Domingo, 6 ago (Prensa Latina) La medalla de plata obtenida hoy por la corredora dominicana de 400 metros planos Marileidy Paulino paraliz\u00f3 al pa\u00eds por 49,20 segundos, tiempo que dur\u00f3 la carrera ol\u00edmpica en Tokio.<br>Desde ayer medios de prensa, redes sociales y la poblaci\u00f3n en general, preparaban condiciones para disfrutar de una gran carrera, dada las condiciones en que se present\u00f3 la dominicana a esta cita estival, y no defraud\u00f3.<\/p>\n\n\n\n<p>Paulino demostr\u00f3 al mundo que apareci\u00f3 en el firmamento otra estrella en esta disciplina, pues solo fue superada por la extraclase Shaunae Miller, de Bahamas.<\/p>\n\n\n\n<p>Es la segunda medalla que obtiene la corredora, que dio su primera alegr\u00eda cuando mostr\u00f3 en su pecho la plata ganada como parte de la cuarteta mixta de 4&#215;400 metros planos.<\/p>\n\n\n\n<p>Una vez concluido la carrera las redes se llenaron de mensaje y uno de estos fue el del presidente dominicano, Luis Abinader, quien escribi\u00f3: !D\u00eda de j\u00fabilo nacional! Nuestra #MarileidyPaulino acaba de ganar medalla de plata en los 400 metros planos en #Tokio2020. Que orgullosos nos sentimos de ti.<\/p>\n\n\n\n<p>Pero si el pa\u00eds vibr\u00f3 con la competencia, que decir de pueblo natal Don Gregorio, en la provincia de Peravia, donde se asegura que all\u00ed no se durmi\u00f3 pues todos esperaban este alegr\u00f3n de su representante y, desde ahora, ese peque\u00f1o lugar tendr\u00e1 dos glorias deportivas pues de ah\u00ed es el pelotero Vladimir Guerrero,inmortal de Cooperstown.<\/p>\n\n\n\n<p>Sin dudas, lo muchacha de 24 a\u00f1os se visti\u00f3 de largo y en opini\u00f3n de muchos especialistas, dar\u00e1 muchas medallas a su patria.<\/p>\n\n\n\n<p>Con esta presea plateada, Dominicana lleg\u00f3 a su cuarta medalla en estos Juegos Ol\u00edmpicos, tres de plata (relevo mixto, Paulino y el pesista Zacar\u00edas Bonnat) y una de bronce de la pesista Crismery Santana.<\/p>\n\n\n\n<p>mgt\/ema<\/p>\n","protected":false},"excerpt":{"rendered":"<p>diariodominicano.com Santo Domingo, 6 ago (Prensa Latina) La medalla de plata obtenida hoy por la corredora dominicana de 400 metros planos Marileidy Paulino paraliz\u00f3 al pa\u00eds por 49,20 segundos, tiempo que dur\u00f3 la carrera ol\u00edmpica en Tokio.Desde ayer medios de prensa, redes sociales y la poblaci\u00f3n en general, preparaban condiciones para disfrutar de una gran [&hellip;]<\/p>\n","protected":false},"author":5,"featured_media":291053,"comment_status":"closed","ping_status":"","sticky":true,"template":"","format":"standard","meta":{"footnotes":""},"categories":[17,27],"tags":[],"class_list":["post-291052","post","type-post","status-publish","format-standard","has-post-thumbnail","hentry","category-deportes","category-portada"],"_links":{"self":[{"href":"https:\/\/diariodominicano.com\/index.php?rest_route=\/wp\/v2\/posts\/291052","targetHints":{"allow":["GET"]}}],"collection":[{"href":"https:\/\/diariodominicano.com\/index.php?rest_route=\/wp\/v2\/posts"}],"about":[{"href":"https:\/\/diariodominicano.com\/index.php?rest_route=\/wp\/v2\/types\/post"}],"author":[{"embeddable":true,"href":"https:\/\/diariodominicano.com\/index.php?rest_route=\/wp\/v2\/users\/5"}],"replies":[{"embeddable":true,"href":"https:\/\/diariodominicano.com\/index.php?rest_route=%2Fwp%2Fv2%2Fcomments&post=291052"}],"version-history":[{"count":1,"href":"https:\/\/diariodominicano.com\/index.php?rest_route=\/wp\/v2\/posts\/291052\/revisions"}],"predecessor-version":[{"id":291054,"href":"https:\/\/diariodominicano.com\/index.php?rest_route=\/wp\/v2\/posts\/291052\/revisions\/291054"}],"wp:featuredmedia":[{"embeddable":true,"href":"https:\/\/diariodominicano.com\/index.php?rest_route=\/wp\/v2\/media\/291053"}],"wp:attachment":[{"href":"https:\/\/diariodominicano.com\/index.php?rest_route=%2Fwp%2Fv2%2Fmedia&parent=291052"}],"wp:term":[{"taxonomy":"category","embeddable":true,"href":"https:\/\/diariodominicano.com\/index.php?rest_route=%2Fwp%2Fv2%2Fcategories&post=291052"},{"taxonomy":"post_tag","embeddable":true,"href":"https:\/\/diariodominicano.com\/index.php?rest_route=%2Fwp%2Fv2%2Ftags&post=291052"}],"curies":[{"name":"wp","href":"https:\/\/api.w.org\/{rel}","templated":true}]}}