{"id":290976,"date":"2021-08-06T02:43:13","date_gmt":"2021-08-06T06:43:13","guid":{"rendered":"http:\/\/diariodominicano.com\/?p=290976"},"modified":"2021-08-06T02:43:13","modified_gmt":"2021-08-06T06:43:13","slug":"contra-las-pretensiones-de-agresion-a-cuba-que-se-mueva-la-solidaridad-internacional","status":"publish","type":"post","link":"https:\/\/diariodominicano.com\/?p=290976","title":{"rendered":"Contra las pretensiones de agresi\u00f3n a Cuba, que se mueva la solidaridad internacional"},"content":{"rendered":"\n<p>Por: Ram\u00f3n Antonio Veras <\/p>\n\n\n\n<p>1.- Una persona decente, de sano juicio y pensamiento limpio, en cualquier pa\u00eds del mundo que oiga hablar de la OEA, a lo mejor cree que es un organismo que sirve para algo \u00fatil a los pueblos latinoamericanos y caribe\u00f1os, pero resulta que no, que la OEA, naci\u00f3 y sigue siendo una porquer\u00eda que hace funci\u00f3n celestina a petici\u00f3n de los intereses monopolistas norteamericanos.<\/p>\n\n\n\n<p>2.- Las personas jur\u00eddicas, al igual que las de carne y hueso, se conocen por su proceder; por la forma como act\u00faan; por su accionar en el medio social o ante el concierto de naciones. La OEA, se identifica por las fechor\u00edas que hist\u00f3ricamente ha cometido en provecho del imperio y contra la independencia y soberan\u00eda de nuestros pueblos.<\/p>\n\n\n\n<p>3.- Reci\u00e9n creada, la infame OEA recibiendo \u00f3rdenes del imperio, en 1949 apoy\u00f3 al tirano Trujillo en la protesta internacional por la eliminaci\u00f3n de los expedicionarios de Luper\u00f3n; haciendo labor de celestinaje, la OEA apoy\u00f3 a los mercenarios que desde Honduras y Nicaragua invadieron el 18 de junio de 1954 a Guatemala para derrocar el gobierno democr\u00e1tico de Jacobo Arbenz. En su deshonrado proceder, la OEA el 17 de abril de 1961, patrocin\u00f3 con el imperio la invasi\u00f3n a Cuba por Bah\u00eda de Cochinos o Playa Gir\u00f3n; recibiendo instrucciones de su amo imperial, la crapulosa OEA, organiza y ejecuta el 31 de enero de 1962, con un voto en contra y seis abstenciones, la expulsi\u00f3n de Cuba. La porquer\u00eda de la OEA, fue c\u00f3mplice de Estados Unidos en el derrocamiento de Juan Bosch, el 25 de septiembre de 1963; en una m\u00e1s de sus sinverg\u00fcencer\u00edas, la OEA legitim\u00f3 la intervenci\u00f3n norteamericana a Rep\u00fablica Dominicana en 1965; la mancilladora OEA, en coalici\u00f3n con el imperio colabor\u00f3 con las dictaduras militares del Cono Sur y con la Operaci\u00f3n C\u00f3ndor, que en toda la d\u00e9cada del 60 del siglo pasado, incluyendo la ensangrentada tiran\u00eda terrorista de Augusto Pinochet; la alcahueta OEA, apoy\u00f3 la invasi\u00f3n del imperio a Panam\u00e1 el 20 de diciembre de 1989, como enflautadora de los intereses norteamericanos ha hecho de puntal en los golpes de Estado contra Manuel Zelaya, el 28 de junio de 2009, en Honduras; Fernando Lugo, el 20 de junio de 2012, en Paraguay; Dima Rousseff, el 31 de agosto 2016, en Brasil; y en el 2019, en Bolivia, golpe de Estado a Evo Morales.<\/p>\n\n\n\n<p>4.- Ha sido un viejo m\u00e9todo del imperio, crear situaciones desestabilizadoras y bas\u00e1ndose en ellas luego ejecutar intervenciones militares. Es as\u00ed como prepara en Cuba los hechos del 11 de julio pasado, para ahora hablar de violaciones de los derechos humanos, y recurrir a la OEA, como lo ha hecho por medio del representante interino, Bradley A. Freden.<\/p>\n\n\n\n<p>5.- Con el mayor descaro, el se\u00f1or Freden, solicita a los miembros de la OEA, que condenen a Cuba, pero este pa\u00eds no es parte de la OEA, desde enero del a\u00f1o 1962. Deben sentirse ofendidos en su dignidad y decoro los actuales integrantes de la OEA, que sin ser consultados fueron llamados a tomar decisiones contra una naci\u00f3n que es extra\u00f1a a la OEA.<\/p>\n\n\n\n<p>6.- Los gobiernos que todav\u00eda quedan en la OEA, y que se respetan, deben asumir la posici\u00f3n de los presidentes de Argentina y M\u00e9xico, que por separado han expresado: Alberto Fern\u00e1ndez: \u201cLa Organizaci\u00f3n de Estados Americanos (OEA) tal como est\u00e1 no sirve y es un escuadr\u00f3n que avanza sobre los gobiernos populares de Am\u00e9rica Latina\u201d; y Andr\u00e9s L\u00f3pez Obrador: \u201cPropone crear organismo regional que sustituya a la OEA\u201d.<\/p>\n\n\n\n<p>7.- Ante las pretensiones que tiene el imperio contra Cuba, utilizando de mampara a la OEA, todo el movimiento de solidaridad con el pueblo cubano y su proceso revolucionario, debe mantenerse en tensi\u00f3n para impedir la agresi\u00f3n militar.<\/p>\n\n\n\n<p>Santiago de los Caballeros, <br>2 de agosto de 2021. \u00e7Del doctor<\/p>\n\n\n\n<p><\/p>\n","protected":false},"excerpt":{"rendered":"<p>Por: Ram\u00f3n Antonio Veras 1.- Una persona decente, de sano juicio y pensamiento limpio, en cualquier pa\u00eds del mundo que oiga hablar de la OEA, a lo mejor cree que es un organismo que sirve para algo \u00fatil a los pueblos latinoamericanos y caribe\u00f1os, pero resulta que no, que la OEA, naci\u00f3 y sigue siendo [&hellip;]<\/p>\n","protected":false},"author":7,"featured_media":287851,"comment_status":"closed","ping_status":"","sticky":false,"template":"","format":"standard","meta":{"footnotes":""},"categories":[19,27],"tags":[],"class_list":["post-290976","post","type-post","status-publish","format-standard","has-post-thumbnail","hentry","category-mi-voz","category-portada"],"_links":{"self":[{"href":"https:\/\/diariodominicano.com\/index.php?rest_route=\/wp\/v2\/posts\/290976","targetHints":{"allow":["GET"]}}],"collection":[{"href":"https:\/\/diariodominicano.com\/index.php?rest_route=\/wp\/v2\/posts"}],"about":[{"href":"https:\/\/diariodominicano.com\/index.php?rest_route=\/wp\/v2\/types\/post"}],"author":[{"embeddable":true,"href":"https:\/\/diariodominicano.com\/index.php?rest_route=\/wp\/v2\/users\/7"}],"replies":[{"embeddable":true,"href":"https:\/\/diariodominicano.com\/index.php?rest_route=%2Fwp%2Fv2%2Fcomments&post=290976"}],"version-history":[{"count":1,"href":"https:\/\/diariodominicano.com\/index.php?rest_route=\/wp\/v2\/posts\/290976\/revisions"}],"predecessor-version":[{"id":290980,"href":"https:\/\/diariodominicano.com\/index.php?rest_route=\/wp\/v2\/posts\/290976\/revisions\/290980"}],"wp:featuredmedia":[{"embeddable":true,"href":"https:\/\/diariodominicano.com\/index.php?rest_route=\/wp\/v2\/media\/287851"}],"wp:attachment":[{"href":"https:\/\/diariodominicano.com\/index.php?rest_route=%2Fwp%2Fv2%2Fmedia&parent=290976"}],"wp:term":[{"taxonomy":"category","embeddable":true,"href":"https:\/\/diariodominicano.com\/index.php?rest_route=%2Fwp%2Fv2%2Fcategories&post=290976"},{"taxonomy":"post_tag","embeddable":true,"href":"https:\/\/diariodominicano.com\/index.php?rest_route=%2Fwp%2Fv2%2Ftags&post=290976"}],"curies":[{"name":"wp","href":"https:\/\/api.w.org\/{rel}","templated":true}]}}