{"id":290952,"date":"2021-08-05T23:02:30","date_gmt":"2021-08-06T03:02:30","guid":{"rendered":"http:\/\/diariodominicano.com\/?p=290952"},"modified":"2021-08-05T23:02:30","modified_gmt":"2021-08-06T03:02:30","slug":"chile-anuncia-tercera-dosis-de-la-vacuna-contra-covid-19-para-reforzar-inmunidad","status":"publish","type":"post","link":"https:\/\/diariodominicano.com\/?p=290952","title":{"rendered":"Chile anuncia tercera dosis de la vacuna contra COVID-19 para reforzar inmunidad"},"content":{"rendered":"\n<h3 class=\"wp-block-heading\">diariodominicano.com<a rel=\"noreferrer noopener\" href=\"http:\/\/home.xinhua-news.com\/gdsdetailxhs\/share\/9793734-?pageflag=iframe\" target=\"_blank\"><\/a><\/h3>\n\n\n\n<pre id=\"text-news-description\" class=\"wp-block-preformatted\">   SANTIAGO, 5 ago (Xinhua) -- El gobierno chileno anunci\u00f3 hoy jueves el inicio de la vacunaci\u00f3n de refuerzo contra la enfermedad del nuevo coronavirus (COVID-19), con la inoculaci\u00f3n de una tercera dosis del ant\u00eddoto para mejorar la respuesta inmune de los habitantes del pa\u00eds sudamericano.\n   El presidente chileno, Sebasti\u00e1n Pi\u00f1era, afirm\u00f3 en una rueda de prensa que a partir del 11 de agosto comenzar\u00e1 este nuevo proceso de vacunaci\u00f3n con los mayores de 86 a\u00f1os e ir\u00e1 bajando de manera escalonada para incluir a otros grupos de menor edad.\n   \"Nadie estar\u00e1 verdaderamente a salvo, mientras no estemos todos a salvo\", sostuvo el jefe de Estado, en compa\u00f1\u00eda del ministro de Salud, Enrique Paris, y los subsecretarios de Salud P\u00fablica, Paula Daza, y de Redes Asistenciales, Alberto Dougnac.\n   La decisi\u00f3n se adopt\u00f3 tras semanas de reuniones y recomendaciones del Programa Nacional de Inmunizaciones; el Comit\u00e9 Asesor en Vacunas y Estrategias de Inmunizaci\u00f3n (CAVEI); el Consejo Asesor COVID-19; sociedades cient\u00edficas nacionales y expertos internacionales.\n   \"Despu\u00e9s de recibir recomendaciones de los m\u00e1s calificados expertos, hemos decidido iniciar un reforzamiento de la vacunaci\u00f3n\", declar\u00f3 el mandatario, a la espera de vacunar por tercera vez a unos 2 millones de personas que recibieron ambas dosis de la vacuna CoronaVac, del laboratorio chino Sinovac.\n   Pi\u00f1era asegur\u00f3 a su vez que se consider\u00f3 la \"evoluci\u00f3n en el tiempo de la efectividad de las vacunas y el riesgo que significa la variante Delta\" presente en el pa\u00eds, con m\u00e1s de cincuenta casos de COVID-19 diagnosticados con esta variante.\n   Chile ha registrado las cifras m\u00e1s bajas de contagios, hospitalizaciones y muertes de toda la pandemia, gracias a las restricciones adoptadas para evitar la propagaci\u00f3n del virus y a la campa\u00f1a de vacunaci\u00f3n contra la COVID-19 en marcha, que supera el 80 por ciento de la poblaci\u00f3n objetivo con esquema completo de inmunizaci\u00f3n.\n   Esta jornada se reportaron 1.223 casos nuevos de COVID-19 y 135 muertes, para sumar 1.620.389 contagios confirmados y 35.806 fallecidos desde el inicio de la crisis sanitaria. <\/pre>\n","protected":false},"excerpt":{"rendered":"<p>diariodominicano.com SANTIAGO, 5 ago (Xinhua) &#8212; El gobierno chileno anunci\u00f3 hoy jueves el inicio de la vacunaci\u00f3n de refuerzo contra la enfermedad del nuevo coronavirus (COVID-19), con la inoculaci\u00f3n de una tercera dosis del ant\u00eddoto para mejorar la respuesta inmune de los habitantes del pa\u00eds sudamericano. El presidente chileno, Sebasti\u00e1n Pi\u00f1era, afirm\u00f3 en una rueda [&hellip;]<\/p>\n","protected":false},"author":5,"featured_media":290953,"comment_status":"closed","ping_status":"","sticky":true,"template":"","format":"standard","meta":{"footnotes":""},"categories":[23,27],"tags":[],"class_list":["post-290952","post","type-post","status-publish","format-standard","has-post-thumbnail","hentry","category-internacional","category-portada"],"_links":{"self":[{"href":"https:\/\/diariodominicano.com\/index.php?rest_route=\/wp\/v2\/posts\/290952","targetHints":{"allow":["GET"]}}],"collection":[{"href":"https:\/\/diariodominicano.com\/index.php?rest_route=\/wp\/v2\/posts"}],"about":[{"href":"https:\/\/diariodominicano.com\/index.php?rest_route=\/wp\/v2\/types\/post"}],"author":[{"embeddable":true,"href":"https:\/\/diariodominicano.com\/index.php?rest_route=\/wp\/v2\/users\/5"}],"replies":[{"embeddable":true,"href":"https:\/\/diariodominicano.com\/index.php?rest_route=%2Fwp%2Fv2%2Fcomments&post=290952"}],"version-history":[{"count":1,"href":"https:\/\/diariodominicano.com\/index.php?rest_route=\/wp\/v2\/posts\/290952\/revisions"}],"predecessor-version":[{"id":290954,"href":"https:\/\/diariodominicano.com\/index.php?rest_route=\/wp\/v2\/posts\/290952\/revisions\/290954"}],"wp:featuredmedia":[{"embeddable":true,"href":"https:\/\/diariodominicano.com\/index.php?rest_route=\/wp\/v2\/media\/290953"}],"wp:attachment":[{"href":"https:\/\/diariodominicano.com\/index.php?rest_route=%2Fwp%2Fv2%2Fmedia&parent=290952"}],"wp:term":[{"taxonomy":"category","embeddable":true,"href":"https:\/\/diariodominicano.com\/index.php?rest_route=%2Fwp%2Fv2%2Fcategories&post=290952"},{"taxonomy":"post_tag","embeddable":true,"href":"https:\/\/diariodominicano.com\/index.php?rest_route=%2Fwp%2Fv2%2Ftags&post=290952"}],"curies":[{"name":"wp","href":"https:\/\/api.w.org\/{rel}","templated":true}]}}