{"id":290945,"date":"2021-08-05T22:42:41","date_gmt":"2021-08-06T02:42:41","guid":{"rendered":"http:\/\/diariodominicano.com\/?p=290945"},"modified":"2021-08-05T22:42:41","modified_gmt":"2021-08-06T02:42:41","slug":"primer-festival-infantil-deportivo-y-cultural-joyeros-unidos-en-fase-organizativa","status":"publish","type":"post","link":"https:\/\/diariodominicano.com\/?p=290945","title":{"rendered":"Primer festival infantil deportivo y cultural Joyeros Unidos en fase organizativa"},"content":{"rendered":"\n<p>diariodominicano.com<\/p>\n\n\n\n<p><strong>\u00a0Santiago, R. D., 5 de agosto, 2021.-<\/strong>\u00a0En fase organizativa para ser realizado en los pr\u00f3ximos d\u00edas se encuentra el primer festival deportivo y cultural, Joyeros Unidos, con la participaci\u00f3n de representantes de barrios y comunidades circunvecinas al territorio hist\u00f3rico conocido como La Joya.<\/p>\n\n\n\n<p><strong>\u201cE<\/strong>n los pr\u00f3ximos d\u00edas daremos a conocer las fechas de inauguraci\u00f3n y realizaci\u00f3n del festival que re\u00fane atletas infantiles de nuestros barrios, quienes participar\u00e1n en disciplinas deportivas y culturales\u201d, dio a conocer el se\u00f1or Lu\u00eds Torres, director general de la actividad.<\/p>\n\n\n\n<p><strong>C<\/strong>on la intenci\u00f3n de que participen todos, el o la atleta participar\u00e1 en un sol disciplina, se competir\u00e1 en: Minibaloncesto y voleibol (14 a 17 a\u00f1os), atletismo, marat\u00f3n de 5 a 6 ni\u00f1os(as) por barrio, de 8-12 a\u00f1os y de 13 a 15, 100 metros planos de igual manera, damas, de 4 a 5 ni\u00f1os por barrio hasta 15 a\u00f1os.<\/p>\n\n\n\n<p><strong>C<\/strong>ultura y recreaci\u00f3n: Pintura de 2 a 3 ni\u00f1os por barrio hasta 15 a\u00f1os, canto igual, baile, grupos formados por parejas, de 5 a 6, de ni\u00f1os de 8 a 13 a\u00f1os, corrida en saco de 5 a 6 ni\u00f1os(as) por barrio, halar la soga por grupos, equipos de 4 ni\u00f1os por barrio, brincar la cuica para ni\u00f1as de 8 a 13 a\u00f1os, sobre el b\u00e9isbol a\u00fan se pondera ese deporte.<\/p>\n\n\n\n<p><strong>P<\/strong>articipar\u00e1n ni\u00f1os y ni\u00f1as provenientes de los barrios: La Joya, Baracoa, La Otra Banda, Plaza Valerio, Tabacalera, La Cambronal, Hospedaje Yaque del \u00e1rea Club Yolo P\u00e9rez, con la direcci\u00f3n de los Joyeros Unidos de Nueva York, juntas de vecinos y clubes, as\u00ed como de l\u00edderes deportistas y comunitarios.<\/p>\n\n\n\n<p><strong>E<\/strong>l se\u00f1or&nbsp;Luis Torres, director General, indic\u00f3 que la directiva organizadora est\u00e1 compuesta por:&nbsp;Presidente,&nbsp;Rafael Baret;&nbsp;Rosa y Mar\u00eda Santana,&nbsp;Rafael Betance,<br>Jorge Villalona y Camilo Liz, coordinadores; Frank Mu\u00f1oz, coordinador-Tesoro;<br>Fidelia P\u00e9rez y Franklin bueno, tesoreros.<\/p>\n\n\n\n<p>\u201cSabemos que en La Joya y sus barrios circundantes hay valiosos dirigentes deportivos y culturales, hombres y mujeres con grandes historias, lamentablemente, un comit\u00e9 organizador no puede agruparlos a todos, pero sabemos que contamos con ellos, ay\u00fadennos a dar felicidad a nuestra ni\u00f1ez\u201d, apunt\u00f3 Torres.<\/p>\n\n\n\n<p>Fuente:  <strong>Oscar Polanco<\/strong><\/p>\n","protected":false},"excerpt":{"rendered":"<p>diariodominicano.com \u00a0Santiago, R. D., 5 de agosto, 2021.-\u00a0En fase organizativa para ser realizado en los pr\u00f3ximos d\u00edas se encuentra el primer festival deportivo y cultural, Joyeros Unidos, con la participaci\u00f3n de representantes de barrios y comunidades circunvecinas al territorio hist\u00f3rico conocido como La Joya. \u201cEn los pr\u00f3ximos d\u00edas daremos a conocer las fechas de inauguraci\u00f3n [&hellip;]<\/p>\n","protected":false},"author":5,"featured_media":290946,"comment_status":"closed","ping_status":"","sticky":true,"template":"","format":"standard","meta":{"footnotes":""},"categories":[23,27],"tags":[],"class_list":["post-290945","post","type-post","status-publish","format-standard","has-post-thumbnail","hentry","category-internacional","category-portada"],"_links":{"self":[{"href":"https:\/\/diariodominicano.com\/index.php?rest_route=\/wp\/v2\/posts\/290945","targetHints":{"allow":["GET"]}}],"collection":[{"href":"https:\/\/diariodominicano.com\/index.php?rest_route=\/wp\/v2\/posts"}],"about":[{"href":"https:\/\/diariodominicano.com\/index.php?rest_route=\/wp\/v2\/types\/post"}],"author":[{"embeddable":true,"href":"https:\/\/diariodominicano.com\/index.php?rest_route=\/wp\/v2\/users\/5"}],"replies":[{"embeddable":true,"href":"https:\/\/diariodominicano.com\/index.php?rest_route=%2Fwp%2Fv2%2Fcomments&post=290945"}],"version-history":[{"count":1,"href":"https:\/\/diariodominicano.com\/index.php?rest_route=\/wp\/v2\/posts\/290945\/revisions"}],"predecessor-version":[{"id":290947,"href":"https:\/\/diariodominicano.com\/index.php?rest_route=\/wp\/v2\/posts\/290945\/revisions\/290947"}],"wp:featuredmedia":[{"embeddable":true,"href":"https:\/\/diariodominicano.com\/index.php?rest_route=\/wp\/v2\/media\/290946"}],"wp:attachment":[{"href":"https:\/\/diariodominicano.com\/index.php?rest_route=%2Fwp%2Fv2%2Fmedia&parent=290945"}],"wp:term":[{"taxonomy":"category","embeddable":true,"href":"https:\/\/diariodominicano.com\/index.php?rest_route=%2Fwp%2Fv2%2Fcategories&post=290945"},{"taxonomy":"post_tag","embeddable":true,"href":"https:\/\/diariodominicano.com\/index.php?rest_route=%2Fwp%2Fv2%2Ftags&post=290945"}],"curies":[{"name":"wp","href":"https:\/\/api.w.org\/{rel}","templated":true}]}}