{"id":290930,"date":"2021-08-05T21:39:45","date_gmt":"2021-08-06T01:39:45","guid":{"rendered":"http:\/\/diariodominicano.com\/?p=290930"},"modified":"2021-08-05T21:39:45","modified_gmt":"2021-08-06T01:39:45","slug":"tribunal-confirma-prision-preventiva-a-tres-vinculados-a-muerte-de-religiosos-en-villa-altagracia","status":"publish","type":"post","link":"https:\/\/diariodominicano.com\/?p=290930","title":{"rendered":"Tribunal confirma prisi\u00f3n preventiva a tres vinculados a muerte de religiosos en Villa Altagracia"},"content":{"rendered":"\n<p>diariodominicano.com<\/p>\n\n\n\n<p>Villa Altagracia, R. D., 5 de agosto, 2021.-  En atenci\u00f3n al pedimento del Ministerio P\u00fablico, el Juzgado de la Instrucci\u00f3n de esta jurisdicci\u00f3n confirm\u00f3 la prisi\u00f3n preventiva contra tres integrantes de la patrulla de la Polic\u00eda Nacional que el pasado marzo mat\u00f3 a una pareja de religiosos que se desplazaba en un autom\u00f3vil por la autopista Duarte.<\/p>\n\n\n\n<p>Durante la revisi\u00f3n obligatoria de la medida, la jueza Karen Castillo ratific\u00f3 la prisi\u00f3n preventiva a los imputados Victorino Reyes Navarro (segundo teniente), Norquis Rodr\u00edguez Jim\u00e9nez (cabo) y a Antony Castro P\u00e9rez (raso), quienes son procesados por las muertes de los esposos Elisa Mu\u00f1oz, de 32 a\u00f1os de edad, y Joel Eusebio D\u00edaz Ferrer, de 35 a\u00f1os.<\/p>\n\n\n\n<p>La decisi\u00f3n fue adoptada luego de acoger la petici\u00f3n del Ministerio P\u00fablico, encabezado por la fiscal titular de Villa Altagracia, F\u00e1tima S\u00e1nchez, tras demostrar que no han variado los presupuestos que dieron origen a la imposici\u00f3n de la medida de coerci\u00f3n que cumplen en diferentes recintos penitenciarios del pa\u00eds.<\/p>\n\n\n\n<p>La instituci\u00f3n indic\u00f3 que por este caso tambi\u00e9n son procesados y cumplen prisi\u00f3n preventiva Juan Samuel Ogando Sol\u00eds (raso), Domingo Perdomo Reyes (sargento), C\u00e9sar Mar\u00ed\u00f1ez Lora (coronel) y \u00c1ngel de los Santos (cabo), a quienes la Corte de Apelaci\u00f3n de San Crist\u00f3bal le conocer\u00e1 un recurso de apelaci\u00f3n el pr\u00f3ximo 20 de agosto.<\/p>\n\n\n\n<p>Tambi\u00e9n, est\u00e1n involucrados los rasos de la Polic\u00eda Emil Alexander Rinc\u00f3n Martes y Guillermo Rosario Melo, quienes, igualmente, cumplen prisi\u00f3n preventiva por este caso y cuya revisi\u00f3n obligatoria ser\u00e1 conocida a final de mes.&nbsp;<\/p>\n\n\n\n<p>En el hecho en el que muri\u00f3 la pareja tambi\u00e9n result\u00f3 herido Claudio Ram\u00edrez Lamais, de 29 a\u00f1os. Los tres se desplazaban, junto a Carlos Jos\u00e9 P\u00e9rez B\u00e1ez, quien result\u00f3 ileso, en un autom\u00f3vil marca Kia, modelo K5, color blanco, cuando fueron interceptados por la patrulla, que la emprendi\u00f3 a disparos contra el veh\u00edculo.&nbsp;&nbsp;&nbsp;<\/p>\n\n\n\n<p>El grupo retornaba a Santo Domingo luego de participar en un culto religioso en Villa Altagracia.<\/p>\n\n\n\n<p>Fuente:  <strong>Direcci\u00f3n de Comunicaci\u00f3n y Prensa<\/strong><\/p>\n\n\n\n<p><strong>Procuradur\u00eda General-Ministerio P\u00fablico RD<\/strong><\/p>\n\n\n\n<p><strong>Jueves, 5 de agosto de 2021.<\/strong><\/p>\n\n\n\n<p><strong>Direcci\u00f3n General de Comunicaciones, Prensa y Relaciones P\u00fablicas<\/strong><\/p>\n\n\n\n<p>Procuradur\u00eda General de la Rep\u00fablica Dominicana<\/p>\n\n\n\n<p>Un Ministerio P\u00fablico conectado con la ciudadan\u00eda<\/p>\n","protected":false},"excerpt":{"rendered":"<p>diariodominicano.com Villa Altagracia, R. D., 5 de agosto, 2021.- En atenci\u00f3n al pedimento del Ministerio P\u00fablico, el Juzgado de la Instrucci\u00f3n de esta jurisdicci\u00f3n confirm\u00f3 la prisi\u00f3n preventiva contra tres integrantes de la patrulla de la Polic\u00eda Nacional que el pasado marzo mat\u00f3 a una pareja de religiosos que se desplazaba en un autom\u00f3vil por [&hellip;]<\/p>\n","protected":false},"author":5,"featured_media":290932,"comment_status":"closed","ping_status":"","sticky":true,"template":"","format":"standard","meta":{"footnotes":""},"categories":[24,27],"tags":[],"class_list":["post-290930","post","type-post","status-publish","format-standard","has-post-thumbnail","hentry","category-justicia-y-derecho","category-portada"],"_links":{"self":[{"href":"https:\/\/diariodominicano.com\/index.php?rest_route=\/wp\/v2\/posts\/290930","targetHints":{"allow":["GET"]}}],"collection":[{"href":"https:\/\/diariodominicano.com\/index.php?rest_route=\/wp\/v2\/posts"}],"about":[{"href":"https:\/\/diariodominicano.com\/index.php?rest_route=\/wp\/v2\/types\/post"}],"author":[{"embeddable":true,"href":"https:\/\/diariodominicano.com\/index.php?rest_route=\/wp\/v2\/users\/5"}],"replies":[{"embeddable":true,"href":"https:\/\/diariodominicano.com\/index.php?rest_route=%2Fwp%2Fv2%2Fcomments&post=290930"}],"version-history":[{"count":1,"href":"https:\/\/diariodominicano.com\/index.php?rest_route=\/wp\/v2\/posts\/290930\/revisions"}],"predecessor-version":[{"id":290933,"href":"https:\/\/diariodominicano.com\/index.php?rest_route=\/wp\/v2\/posts\/290930\/revisions\/290933"}],"wp:featuredmedia":[{"embeddable":true,"href":"https:\/\/diariodominicano.com\/index.php?rest_route=\/wp\/v2\/media\/290932"}],"wp:attachment":[{"href":"https:\/\/diariodominicano.com\/index.php?rest_route=%2Fwp%2Fv2%2Fmedia&parent=290930"}],"wp:term":[{"taxonomy":"category","embeddable":true,"href":"https:\/\/diariodominicano.com\/index.php?rest_route=%2Fwp%2Fv2%2Fcategories&post=290930"},{"taxonomy":"post_tag","embeddable":true,"href":"https:\/\/diariodominicano.com\/index.php?rest_route=%2Fwp%2Fv2%2Ftags&post=290930"}],"curies":[{"name":"wp","href":"https:\/\/api.w.org\/{rel}","templated":true}]}}