{"id":290927,"date":"2021-08-05T21:11:50","date_gmt":"2021-08-06T01:11:50","guid":{"rendered":"http:\/\/diariodominicano.com\/?p=290927"},"modified":"2021-08-05T21:11:50","modified_gmt":"2021-08-06T01:11:50","slug":"melanio-paredes-dice-que-simplificar-el-curriculo-no-es-un-exito-del-ano-escolar","status":"publish","type":"post","link":"https:\/\/diariodominicano.com\/?p=290927","title":{"rendered":"Melanio Paredes dice que simplificar el curr\u00edculo no es un \u00e9xito del a\u00f1o escolar"},"content":{"rendered":"\n<p>diariodominicano.com<\/p>\n\n\n\n<p>Santo Domingo, R. D., 5 de agosto, 2021.-  <strong>Melanio Paredes<\/strong>,\u00a0<strong>miembro del Comit\u00e9 Pol\u00edtico del Partido de la Liberaci\u00f3n Dominicana (PLD),<\/strong>\u00a0calific\u00f3 de politiquer\u00eda la proclama gubernamental \u00a0del supuesto \u00e9xito del a\u00f1o escolar 2020-2021.<\/p>\n\n\n\n<p>\u201cY esto podr\u00eda hacerle un gran da\u00f1o a la generaci\u00f3n de ni\u00f1as, ni\u00f1os y&nbsp; j\u00f3venes que en definitiva son perjudicados de que no se cuente con&nbsp; una oferta educativa adecuada &nbsp;y que tengamos las posibilidades ciertas de si avanzamos, si estamos en el mismo lugar o estamos retrocediendo\u201d, enfatiz\u00f3 Paredes al programa&nbsp; El&nbsp; Sol de la Ma\u00f1ana y que rese\u00f1a la Secretar\u00eda de Comunicaciones pelede\u00edsta.<\/p>\n\n\n\n<p>\u201cEl que las autoridades hayan podido al menos continuar el ciclo escolar de los alumnos no les da patente de corso para decir que el a\u00f1o escolar fue exitoso\u201d, dijo el tambi\u00e9n ex ministro de Educaci\u00f3n.<\/p>\n\n\n\n<p>Record\u00f3 que por mandato de la direcci\u00f3n pol\u00edtica del PLD una comisi\u00f3n entreg\u00f3 a los directivos del Consejo Econ\u00f3mico y Social una comunicaci\u00f3n que responde a la preocupaci\u00f3n &nbsp;respecto de que se haya clausurado formalmente el referido per\u00edodo lectivo sin antes haberse evaluado.<\/p>\n\n\n\n<p>Refiri\u00f3 que el presidente Lu\u00eds Abinader hab\u00eda acudido al ministerio de Educaci\u00f3n donde se hizo un \u201canuncio ampuloso\u201d donde se hablaba del retorno a la presencialidad absoluta de la docencia en aulas para el mes de septiembre.<\/p>\n\n\n\n<p>Manifest\u00f3 que para noviembre pasado cuando las autoridades decidieron la modalidad a distancia desde el partido morado se le dio el beneficio de la duda porque ning\u00fan sistema educativo a nivel mundial estaba preparado para enfrentar la pandemia.<\/p>\n\n\n\n<p>Melanio Paredes indic\u00f3 que el PLD ha estado demandando una eficiente inversi\u00f3n del 4% del presupuesto nacional que fue establecido a principios de la primera gesti\u00f3n de gobierno encabezada por su compa\u00f1ero de organismo partidario y ex Presidente de la Rep\u00fablica Danilo Medina.<\/p>\n\n\n\n<p>\u201c\u00bfY qu\u00e9 es lo que estamos diciendo? Que dada la dif\u00edcil circunstancia de crisis sanitaria que vive el pa\u00eds y el mundo, adem\u00e1s de que dificulta una oferta educativa efectiva, se convoque al Pacto por la Educaci\u00f3n\u201d, matiz\u00f3 el dirigente pelede\u00edsta.<\/p>\n\n\n\n<p>Insisti\u00f3 porque los actores del Pacto por la Educaci\u00f3n redoblen esfuerzos para darle continuidad como caracter\u00edstica propia de toda iniciativa de Estado.<\/p>\n\n\n\n<p>Exhort\u00f3 a las autoridades del gobierno a no tomar decisiones unilaterales respecto del tema Educaci\u00f3n \u201cporque eso es lo que se advierte\u201d; y descart\u00f3 que reducir el curr\u00edculo se pueda considerar como un \u00e9xito educativo.<\/p>\n\n\n\n<p>\u201cNo se simplifica el curr\u00edculo, se focaliza el curr\u00edculo, en t\u00e9rminos de competencia y habilidades\u201d, precis\u00f3 al se\u00f1alar que a los infantes no se les debe simplificar las competencias, sino que se hace mayor \u00e9nfasis en aquellas que son b\u00e1sicas.<\/p>\n\n\n\n<p>Asimismo, Melanio Paredes se pregunt\u00f3 que cu\u00e1l fue el impacto de la alta inversi\u00f3n que se hizo en cuadernillos y dispositivos electr\u00f3nicos, deplorando que se haya incumplido la promesa del pasado mes de enero haber dotado a todos los maestros y matriculados escolares de dispositivos, pero que apenas se distribuy\u00f3 la cantidad que dej\u00f3 en almacenes el pasado gobierno del Partido de la Liberaci\u00f3n Dominicana.<\/p>\n\n\n\n<p>Fuente:  <strong>SECRETARIA DE COMUNICACIONES<\/strong> PLD<\/p>\n\n\n\n<p><strong>05 DE AGOSTO, 2021.-<\/strong><\/p>\n","protected":false},"excerpt":{"rendered":"<p>diariodominicano.com Santo Domingo, R. D., 5 de agosto, 2021.- Melanio Paredes,\u00a0miembro del Comit\u00e9 Pol\u00edtico del Partido de la Liberaci\u00f3n Dominicana (PLD),\u00a0calific\u00f3 de politiquer\u00eda la proclama gubernamental \u00a0del supuesto \u00e9xito del a\u00f1o escolar 2020-2021. \u201cY esto podr\u00eda hacerle un gran da\u00f1o a la generaci\u00f3n de ni\u00f1as, ni\u00f1os y&nbsp; j\u00f3venes que en definitiva son perjudicados de que [&hellip;]<\/p>\n","protected":false},"author":5,"featured_media":290928,"comment_status":"closed","ping_status":"","sticky":true,"template":"","format":"standard","meta":{"footnotes":""},"categories":[22,27],"tags":[],"class_list":["post-290927","post","type-post","status-publish","format-standard","has-post-thumbnail","hentry","category-politica","category-portada"],"_links":{"self":[{"href":"https:\/\/diariodominicano.com\/index.php?rest_route=\/wp\/v2\/posts\/290927","targetHints":{"allow":["GET"]}}],"collection":[{"href":"https:\/\/diariodominicano.com\/index.php?rest_route=\/wp\/v2\/posts"}],"about":[{"href":"https:\/\/diariodominicano.com\/index.php?rest_route=\/wp\/v2\/types\/post"}],"author":[{"embeddable":true,"href":"https:\/\/diariodominicano.com\/index.php?rest_route=\/wp\/v2\/users\/5"}],"replies":[{"embeddable":true,"href":"https:\/\/diariodominicano.com\/index.php?rest_route=%2Fwp%2Fv2%2Fcomments&post=290927"}],"version-history":[{"count":1,"href":"https:\/\/diariodominicano.com\/index.php?rest_route=\/wp\/v2\/posts\/290927\/revisions"}],"predecessor-version":[{"id":290929,"href":"https:\/\/diariodominicano.com\/index.php?rest_route=\/wp\/v2\/posts\/290927\/revisions\/290929"}],"wp:featuredmedia":[{"embeddable":true,"href":"https:\/\/diariodominicano.com\/index.php?rest_route=\/wp\/v2\/media\/290928"}],"wp:attachment":[{"href":"https:\/\/diariodominicano.com\/index.php?rest_route=%2Fwp%2Fv2%2Fmedia&parent=290927"}],"wp:term":[{"taxonomy":"category","embeddable":true,"href":"https:\/\/diariodominicano.com\/index.php?rest_route=%2Fwp%2Fv2%2Fcategories&post=290927"},{"taxonomy":"post_tag","embeddable":true,"href":"https:\/\/diariodominicano.com\/index.php?rest_route=%2Fwp%2Fv2%2Ftags&post=290927"}],"curies":[{"name":"wp","href":"https:\/\/api.w.org\/{rel}","templated":true}]}}