{"id":290907,"date":"2021-08-05T20:52:43","date_gmt":"2021-08-06T00:52:43","guid":{"rendered":"http:\/\/diariodominicano.com\/?p=290907"},"modified":"2021-08-05T20:52:43","modified_gmt":"2021-08-06T00:52:43","slug":"procuradora-german-brito-apuesta-a-fortalecer-la-formacion-del-personal-penitenciario","status":"publish","type":"post","link":"https:\/\/diariodominicano.com\/?p=290907","title":{"rendered":"Procuradora Germ\u00e1n Brito apuesta a fortalecer la formaci\u00f3n del personal penitenciario"},"content":{"rendered":"\n<p>diariodominicano.com<\/p>\n\n\n\n<p><em><u>Designa a Gladys Esther S\u00e1nchez Richiez en la ENP y&nbsp; Claudia Tejada pasa a ocupar interinamente la Secretar\u00eda General del Ministerio P\u00fablico<\/u><\/em><\/p>\n\n\n\n<p>Santo Domingo, R. D.,  5 de agosto, 2021.-  Como parte de las acciones enfocadas en fortalecer los programas de formaci\u00f3n del personal que tiene bajo su responsabilidad el cuidado y la vigilancia de los privados de libertad, la procuradora general de la Rep\u00fablica, Miriam Germ\u00e1n Brito, design\u00f3 a Gladys Esther S\u00e1nchez Richiez en la direcci\u00f3n de la Escuela Nacional Penitenciaria (ENP).<\/p>\n\n\n\n<p>S\u00e1nchez Richiez, abogada con maestr\u00edas en Derecho Constitucional y P\u00fablico de la Universidad Castilla La Mancha, Espa\u00f1a, y en Derecho de la Regulaci\u00f3n Econ\u00f3mica de la Pontificia Universidad Cat\u00f3lica Madre y Maestra (PUCMM), se desempe\u00f1aba como Secretaria General del Ministerio P\u00fablico, posici\u00f3n que ocupar\u00e1 Claudia Tejada N\u00fa\u00f1ez. Ambas profesionales del Derecho ocupar\u00e1n sus respectivas posiciones en forma interina.<\/p>\n\n\n\n<p>S\u00e1nchez Richiez acumula experiencia como directora del Instituto de Educaci\u00f3n Superior Escuela Nacional del Ministerio P\u00fablico. Tiene Especialidades en Derecho Penal y Derecho Procesal Penal, de la Universidad APEC; en Derecho Constitucional de la Universidad Castilla, La Mancha, Espa\u00f1a, y Derecho Civil, de la Universidad Aut\u00f3noma de Santo Domingo (UASD).<\/p>\n\n\n\n<p>La nueva directora de la Escuela Nacional Penitenciaria sustituye a Jaime Yorkis Francisco Rodr\u00edguez, quien ocupaba esa funci\u00f3n en forma interina.<\/p>\n\n\n\n<div class=\"wp-block-image\"><figure class=\"alignleft size-large is-resized\"><img decoding=\"async\" src=\"https:\/\/diariodominicano.com\/wp-content\/uploads\/2021\/08\/Claudaisabeltejada5-8-21-1-1024x683.jpg\" alt=\"\" class=\"wp-image-290910\" width=\"-307\" height=\"-204\" srcset=\"https:\/\/diariodominicano.com\/wp-content\/uploads\/2021\/08\/Claudaisabeltejada5-8-21-1-1024x683.jpg 1024w, https:\/\/diariodominicano.com\/wp-content\/uploads\/2021\/08\/Claudaisabeltejada5-8-21-1-300x200.jpg 300w, https:\/\/diariodominicano.com\/wp-content\/uploads\/2021\/08\/Claudaisabeltejada5-8-21-1-768x512.jpg 768w, https:\/\/diariodominicano.com\/wp-content\/uploads\/2021\/08\/Claudaisabeltejada5-8-21-1-1536x1024.jpg 1536w, https:\/\/diariodominicano.com\/wp-content\/uploads\/2021\/08\/Claudaisabeltejada5-8-21-1-2048x1365.jpg 2048w, https:\/\/diariodominicano.com\/wp-content\/uploads\/2021\/08\/Claudaisabeltejada5-8-21-1-816x544.jpg 816w\" sizes=\"(max-width: 1024px) 100vw, 1024px\" \/><\/figure><\/div>\n\n\n\n<p>La nueva secretaria general Tejada N\u00fa\u00f1ez se desempe\u00f1aba como encargada operativa de la Inspector\u00eda General del Ministerio P\u00fablico. Estudi\u00f3 Derecho en la PUCMM y en la Universidad de Buenos Aires, Argentina. Curs\u00f3 el m\u00e1ster en Estudios Pol\u00edticos Aplicados&nbsp; de la Fundaci\u00f3n Internacional para Ibero Am\u00e9rica de Administraci\u00f3n y Pol\u00edticas P\u00fablicas (FIIAPP), en Madrid, Espa\u00f1a.<\/p>\n\n\n\n<p>Tejada N\u00fa\u00f1ez acumula experiencia como consultora en temas jur\u00eddicos del \u00e1mbito del derecho administrativo,\u00a0 migraci\u00f3n y derechos humanos. Ha laborado en las \u00e1reas legales de entidades como el Instituto Nacional de Atenci\u00f3n Integral a la Primera Infancia (Inaipi), la Direcci\u00f3n General de Pasaportes o el Instituto Nacional de Migraci\u00f3n.<\/p>\n\n\n\n<p><\/p>\n\n\n\n<p>Fuente:  <strong>Comunicaciones Prensa PGR<\/strong><\/p>\n\n\n\n<p><strong>Direcci\u00f3n de Comunicaci\u00f3n y Prensa<\/strong><\/p>\n\n\n\n<p><strong>Procuradur\u00eda General-Ministerio P\u00fablico RD<\/strong><\/p>\n\n\n\n<p><strong>Jueves, 5 de agosto de 2021<\/strong><\/p>\n\n\n\n<p><strong>Direcci\u00f3n General de Comunicaciones, Prensa y Relaciones P\u00fablicas<\/strong><\/p>\n\n\n\n<p>Procuradur\u00eda General de la Rep\u00fablica Dominicana<\/p>\n","protected":false},"excerpt":{"rendered":"<p>diariodominicano.com Designa a Gladys Esther S\u00e1nchez Richiez en la ENP y&nbsp; Claudia Tejada pasa a ocupar interinamente la Secretar\u00eda General del Ministerio P\u00fablico Santo Domingo, R. D., 5 de agosto, 2021.- Como parte de las acciones enfocadas en fortalecer los programas de formaci\u00f3n del personal que tiene bajo su responsabilidad el cuidado y la vigilancia [&hellip;]<\/p>\n","protected":false},"author":5,"featured_media":290909,"comment_status":"closed","ping_status":"","sticky":true,"template":"","format":"standard","meta":{"footnotes":""},"categories":[24,27],"tags":[],"class_list":["post-290907","post","type-post","status-publish","format-standard","has-post-thumbnail","hentry","category-justicia-y-derecho","category-portada"],"_links":{"self":[{"href":"https:\/\/diariodominicano.com\/index.php?rest_route=\/wp\/v2\/posts\/290907","targetHints":{"allow":["GET"]}}],"collection":[{"href":"https:\/\/diariodominicano.com\/index.php?rest_route=\/wp\/v2\/posts"}],"about":[{"href":"https:\/\/diariodominicano.com\/index.php?rest_route=\/wp\/v2\/types\/post"}],"author":[{"embeddable":true,"href":"https:\/\/diariodominicano.com\/index.php?rest_route=\/wp\/v2\/users\/5"}],"replies":[{"embeddable":true,"href":"https:\/\/diariodominicano.com\/index.php?rest_route=%2Fwp%2Fv2%2Fcomments&post=290907"}],"version-history":[{"count":1,"href":"https:\/\/diariodominicano.com\/index.php?rest_route=\/wp\/v2\/posts\/290907\/revisions"}],"predecessor-version":[{"id":290911,"href":"https:\/\/diariodominicano.com\/index.php?rest_route=\/wp\/v2\/posts\/290907\/revisions\/290911"}],"wp:featuredmedia":[{"embeddable":true,"href":"https:\/\/diariodominicano.com\/index.php?rest_route=\/wp\/v2\/media\/290909"}],"wp:attachment":[{"href":"https:\/\/diariodominicano.com\/index.php?rest_route=%2Fwp%2Fv2%2Fmedia&parent=290907"}],"wp:term":[{"taxonomy":"category","embeddable":true,"href":"https:\/\/diariodominicano.com\/index.php?rest_route=%2Fwp%2Fv2%2Fcategories&post=290907"},{"taxonomy":"post_tag","embeddable":true,"href":"https:\/\/diariodominicano.com\/index.php?rest_route=%2Fwp%2Fv2%2Ftags&post=290907"}],"curies":[{"name":"wp","href":"https:\/\/api.w.org\/{rel}","templated":true}]}}