{"id":290904,"date":"2021-08-05T20:39:02","date_gmt":"2021-08-06T00:39:02","guid":{"rendered":"http:\/\/diariodominicano.com\/?p=290904"},"modified":"2021-08-05T20:39:02","modified_gmt":"2021-08-06T00:39:02","slug":"programa-nuclear-de-iran-es-pacifico-dice-nuevo-presidente","status":"publish","type":"post","link":"https:\/\/diariodominicano.com\/?p=290904","title":{"rendered":"Programa nuclear de Ir\u00e1n es \u00abpac\u00edfico\u00bb, dice nuevo presidente"},"content":{"rendered":"\n<h3 class=\"wp-block-heading\">diariodominicano.com<a rel=\"noreferrer noopener\" href=\"http:\/\/home.xinhua-news.com\/gdsdetailxhs\/share\/9793126-?pageflag=iframe\" target=\"_blank\"><\/a><\/h3>\n\n\n\n<pre id=\"text-news-description\" class=\"wp-block-preformatted\">   TEHER\u00c1N, 5 ago (Xinhua) -- El presidente de Ir\u00e1n, Ebrahim Raisi, dijo hoy que el programa nuclear de Ir\u00e1n es \"pac\u00edfico\".\n   De acuerdo con el decreto del l\u00edder iran\u00ed supremo, Ir\u00e1n proh\u00edbe las armas nucleares y esta arma no tiene cabida en la estrategia de defensa de Ir\u00e1n, dijo Raisi despu\u00e9s de su toma de posesi\u00f3n en el Parlamento.\n   Raisi desestim\u00f3 la pol\u00edtica de presi\u00f3n y sanciones y dijo que las presiones no har\u00e1n que el pueblo iran\u00ed renuncie a sus derechos legales.\n   Ir\u00e1n apoya y da la bienvenida a cualquier propuesta diplom\u00e1tica para el levantamiento de las sanciones, indic\u00f3.\n   El presidente tambi\u00e9n destac\u00f3 que \"la m\u00e1s importante y principal prioridad de su pol\u00edtica exterior es mejorar las relaciones con los pa\u00edses vecinos\".\n   \"Extiendo mi mano de amistad y hermandad a todos los pa\u00edses de la regi\u00f3n, en particular a los vecinos\", se\u00f1al\u00f3.\n   Raisi fue elegido como nuevo presidente de Ir\u00e1n el 18 de junio y asumi\u00f3 de manera oficial el cargo despu\u00e9s del decreto emitido el martes por el l\u00edder supremo y de la ceremonia de juramentaci\u00f3n realizada hoy en el Parlamento.<\/pre>\n","protected":false},"excerpt":{"rendered":"<p>diariodominicano.com TEHER\u00c1N, 5 ago (Xinhua) &#8212; El presidente de Ir\u00e1n, Ebrahim Raisi, dijo hoy que el programa nuclear de Ir\u00e1n es \u00abpac\u00edfico\u00bb. De acuerdo con el decreto del l\u00edder iran\u00ed supremo, Ir\u00e1n proh\u00edbe las armas nucleares y esta arma no tiene cabida en la estrategia de defensa de Ir\u00e1n, dijo Raisi despu\u00e9s de su toma [&hellip;]<\/p>\n","protected":false},"author":5,"featured_media":290905,"comment_status":"closed","ping_status":"","sticky":true,"template":"","format":"standard","meta":{"footnotes":""},"categories":[23,27],"tags":[],"class_list":["post-290904","post","type-post","status-publish","format-standard","has-post-thumbnail","hentry","category-internacional","category-portada"],"_links":{"self":[{"href":"https:\/\/diariodominicano.com\/index.php?rest_route=\/wp\/v2\/posts\/290904","targetHints":{"allow":["GET"]}}],"collection":[{"href":"https:\/\/diariodominicano.com\/index.php?rest_route=\/wp\/v2\/posts"}],"about":[{"href":"https:\/\/diariodominicano.com\/index.php?rest_route=\/wp\/v2\/types\/post"}],"author":[{"embeddable":true,"href":"https:\/\/diariodominicano.com\/index.php?rest_route=\/wp\/v2\/users\/5"}],"replies":[{"embeddable":true,"href":"https:\/\/diariodominicano.com\/index.php?rest_route=%2Fwp%2Fv2%2Fcomments&post=290904"}],"version-history":[{"count":1,"href":"https:\/\/diariodominicano.com\/index.php?rest_route=\/wp\/v2\/posts\/290904\/revisions"}],"predecessor-version":[{"id":290906,"href":"https:\/\/diariodominicano.com\/index.php?rest_route=\/wp\/v2\/posts\/290904\/revisions\/290906"}],"wp:featuredmedia":[{"embeddable":true,"href":"https:\/\/diariodominicano.com\/index.php?rest_route=\/wp\/v2\/media\/290905"}],"wp:attachment":[{"href":"https:\/\/diariodominicano.com\/index.php?rest_route=%2Fwp%2Fv2%2Fmedia&parent=290904"}],"wp:term":[{"taxonomy":"category","embeddable":true,"href":"https:\/\/diariodominicano.com\/index.php?rest_route=%2Fwp%2Fv2%2Fcategories&post=290904"},{"taxonomy":"post_tag","embeddable":true,"href":"https:\/\/diariodominicano.com\/index.php?rest_route=%2Fwp%2Fv2%2Ftags&post=290904"}],"curies":[{"name":"wp","href":"https:\/\/api.w.org\/{rel}","templated":true}]}}