{"id":290889,"date":"2021-08-05T18:47:01","date_gmt":"2021-08-05T22:47:01","guid":{"rendered":"http:\/\/diariodominicano.com\/?p=290889"},"modified":"2021-08-05T18:47:01","modified_gmt":"2021-08-05T22:47:01","slug":"expo-vega-real-2021-sera-una-edicion-especial-sin-recinto-ferial","status":"publish","type":"post","link":"https:\/\/diariodominicano.com\/?p=290889","title":{"rendered":"Expo Vega Real 2021 ser\u00e1 una edici\u00f3n especial sin recinto ferial"},"content":{"rendered":"\n<p><strong><u>Comercios ofrecer\u00e1n paquetes de ofertas especiales en sus locales<\/u><\/strong><\/p>\n\n\n\n<p><strong><em>La C\u00e1mara de Comercio y Producci\u00f3n de La Vega, que auspicia el evento, apuesta por una versi\u00f3n diferente, innovadora, resiliente y responsable frente a los tiempos de pandemia, pero con paneles en vivo a trav\u00e9s de los medios de comunicaci\u00f3n Heriberto Holding Group.<\/em><\/strong><\/p>\n\n\n\n<p><strong>LA VEGA, Rep\u00fablica Dominicana. &#8211;&nbsp;<\/strong>La C\u00e1mara de Comercio y Producci\u00f3n de La Vega anunci\u00f3 la celebraci\u00f3n de Expo Vega Real 2021 bajo una nueva modalidad: sin congregaci\u00f3n ferial y una amplia integraci\u00f3n de los comercios con ofertas especiales para el p\u00fablico que visite cada establecimiento desde el 27 de agosto al 3 de septiembre.<\/p>\n\n\n\n<p>En su apertura, el evento contar\u00e1 con la conferencia magistral, transmitida en vivo desde los estudios de Microvision Canal 10, de la empresaria Ligia Bonetti, presidenta del Grupo Mercasid y ex presidenta de la Asociaci\u00f3n de Industrias de la Rep\u00fablica Dominicana (AIRD).<\/p>\n\n\n\n<p>El formato sin recinto ferial colectivo de la vig\u00e9sima quinta edici\u00f3n Expo Vega Real, un evento que naci\u00f3 en 1996, fue dado a conocer este jueves durante una rueda de prensa por la presidenta de la c\u00e1mara, Irlonca Tav\u00e1rez, en compa\u00f1\u00eda de la junta directiva de la instituci\u00f3n.<\/p>\n\n\n\n<figure class=\"wp-block-image size-large is-style-default\"><img loading=\"lazy\" decoding=\"async\" width=\"1024\" height=\"526\" src=\"https:\/\/diariodominicano.com\/wp-content\/uploads\/2021\/08\/Irlonca-Tavarez-presidenta-de-la-Camara-de-La-Vega-1024x526.jpg\" alt=\"\" class=\"wp-image-290895\" srcset=\"https:\/\/diariodominicano.com\/wp-content\/uploads\/2021\/08\/Irlonca-Tavarez-presidenta-de-la-Camara-de-La-Vega-1024x526.jpg 1024w, https:\/\/diariodominicano.com\/wp-content\/uploads\/2021\/08\/Irlonca-Tavarez-presidenta-de-la-Camara-de-La-Vega-300x154.jpg 300w, https:\/\/diariodominicano.com\/wp-content\/uploads\/2021\/08\/Irlonca-Tavarez-presidenta-de-la-Camara-de-La-Vega-768x395.jpg 768w, https:\/\/diariodominicano.com\/wp-content\/uploads\/2021\/08\/Irlonca-Tavarez-presidenta-de-la-Camara-de-La-Vega-1536x789.jpg 1536w, https:\/\/diariodominicano.com\/wp-content\/uploads\/2021\/08\/Irlonca-Tavarez-presidenta-de-la-Camara-de-La-Vega-2048x1052.jpg 2048w, https:\/\/diariodominicano.com\/wp-content\/uploads\/2021\/08\/Irlonca-Tavarez-presidenta-de-la-Camara-de-La-Vega-816x419.jpg 816w\" sizes=\"auto, (max-width: 1024px) 100vw, 1024px\" \/><\/figure>\n\n\n\n<p>\u201cLa \u00fanica vez que Expo Vega Real no se celebr\u00f3 fue en 2020 a causa de la pandemia COVID-19 y debido a que las condiciones sanitarias imponen el alejamiento social,&nbsp;traemos esta vez una versi\u00f3n diferente, innovadora, resiliente y responsable frente a los tiempos de pandemia\u201d, resalt\u00f3 Tav\u00e1rez.<\/p>\n\n\n\n<p>Bajo el lema \u201cApoyando la reactivaci\u00f3n econ\u00f3mica\u201d, Expo Vega Real estar\u00e1 ofreciendo, diariamente de 8 a 11 de la noche, diferentes tipos de paneles, conferencias y actividades en vivo, a trav\u00e9s de los medios de comunicaci\u00f3n Heribero Medrano Holding Group.&nbsp; &nbsp; &nbsp; &nbsp; &nbsp; &nbsp; &nbsp; &nbsp; &nbsp; &nbsp; &nbsp; &nbsp; &nbsp; &nbsp; &nbsp; &nbsp; &nbsp;&nbsp;<\/p>\n\n\n\n<p>El objetivo de esta programaci\u00f3n especial, inform\u00f3 la presidenta de la C\u00e1mara de Comercio y Producci\u00f3n de La Vega, es aportar al crecimiento de la provincia y adem\u00e1s proveer un escenario para debatir los temas de mayor inter\u00e9s social y econ\u00f3mico de La Vega.<\/p>\n\n\n\n<p>El comercio de La Vega unido ha dise\u00f1ado programas de ofertas especialmente para Expo Vega 2021 y ha creado alianzas entre s\u00ed para potenciar el alcance y su competitividad, asegur\u00f3 Tav\u00e1rez.<\/p>\n\n\n\n<p>En la rueda de prensa estuvieron presentes la presidente de los medios de comunicaci\u00f3n de Heriberto Medrano Holding Group, Icelsa Garc\u00eda de Medrano, as\u00ed como la presidente de los medios radiof\u00f3nicos Grupo Medrano y de la Asociaci\u00f3n Dominicana de Radiodifusoras (ADORA), Rosa Olga Medrano Cosme.<\/p>\n","protected":false},"excerpt":{"rendered":"<p>Comercios ofrecer\u00e1n paquetes de ofertas especiales en sus locales La C\u00e1mara de Comercio y Producci\u00f3n de La Vega, que auspicia el evento, apuesta por una versi\u00f3n diferente, innovadora, resiliente y responsable frente a los tiempos de pandemia, pero con paneles en vivo a trav\u00e9s de los medios de comunicaci\u00f3n Heriberto Holding Group. LA VEGA, Rep\u00fablica [&hellip;]<\/p>\n","protected":false},"author":7,"featured_media":290896,"comment_status":"closed","ping_status":"","sticky":true,"template":"","format":"standard","meta":{"footnotes":""},"categories":[25,27],"tags":[],"class_list":["post-290889","post","type-post","status-publish","format-standard","has-post-thumbnail","hentry","category-gente","category-portada"],"_links":{"self":[{"href":"https:\/\/diariodominicano.com\/index.php?rest_route=\/wp\/v2\/posts\/290889","targetHints":{"allow":["GET"]}}],"collection":[{"href":"https:\/\/diariodominicano.com\/index.php?rest_route=\/wp\/v2\/posts"}],"about":[{"href":"https:\/\/diariodominicano.com\/index.php?rest_route=\/wp\/v2\/types\/post"}],"author":[{"embeddable":true,"href":"https:\/\/diariodominicano.com\/index.php?rest_route=\/wp\/v2\/users\/7"}],"replies":[{"embeddable":true,"href":"https:\/\/diariodominicano.com\/index.php?rest_route=%2Fwp%2Fv2%2Fcomments&post=290889"}],"version-history":[{"count":1,"href":"https:\/\/diariodominicano.com\/index.php?rest_route=\/wp\/v2\/posts\/290889\/revisions"}],"predecessor-version":[{"id":290897,"href":"https:\/\/diariodominicano.com\/index.php?rest_route=\/wp\/v2\/posts\/290889\/revisions\/290897"}],"wp:featuredmedia":[{"embeddable":true,"href":"https:\/\/diariodominicano.com\/index.php?rest_route=\/wp\/v2\/media\/290896"}],"wp:attachment":[{"href":"https:\/\/diariodominicano.com\/index.php?rest_route=%2Fwp%2Fv2%2Fmedia&parent=290889"}],"wp:term":[{"taxonomy":"category","embeddable":true,"href":"https:\/\/diariodominicano.com\/index.php?rest_route=%2Fwp%2Fv2%2Fcategories&post=290889"},{"taxonomy":"post_tag","embeddable":true,"href":"https:\/\/diariodominicano.com\/index.php?rest_route=%2Fwp%2Fv2%2Ftags&post=290889"}],"curies":[{"name":"wp","href":"https:\/\/api.w.org\/{rel}","templated":true}]}}