{"id":290885,"date":"2021-08-05T13:50:14","date_gmt":"2021-08-05T17:50:14","guid":{"rendered":"http:\/\/diariodominicano.com\/?p=290885"},"modified":"2021-08-05T13:50:14","modified_gmt":"2021-08-05T17:50:14","slug":"en-medio-de-crisis-del-covid-19-america-latina-y-el-caribe-recibe-en-2020-el-monto-mas-bajo-de-inversion-extranjera-de-la-ultima-decada","status":"publish","type":"post","link":"https:\/\/diariodominicano.com\/?p=290885","title":{"rendered":"En medio de crisis del COVID-19, Am\u00e9rica Latina y el Caribe recibe en 2020 el monto m\u00e1s bajo de inversi\u00f3n extranjera de la \u00faltima d\u00e9cada"},"content":{"rendered":"\n<p>diariodominicano.com<\/p>\n\n\n\n<p><strong>En un nuevo informe, la CEPAL llama a los pa\u00edses de la regi\u00f3n a canalizar los flujos de IED -que en 2021 permanecer\u00edan estables- hacia actividades generadoras de mayor productividad, innovaci\u00f3n y tecnolog\u00eda.<\/strong><\/p>\n\n\n\n<p><strong>   Santo Domingo, R. D., 5 de agosto, 2021.-  \u00a0<\/strong>En un contexto de grave crisis sanitaria, econ\u00f3mica y social generada por la pandemia del COVID-19,\u00a0Am\u00e9rica Latina y el Caribe\u00a0recibi\u00f3 105.480 millones de d\u00f3lares\u00a0por concepto de inversi\u00f3n extranjera directa en 2020,\u00a034,7%\u00a0menos que en 2019, 51% menos que el r\u00e9cord hist\u00f3rico alcanzado en 2012 y el monto m\u00e1s bajo desde 2010, inform\u00f3 hoy la Comisi\u00f3n Econ\u00f3mica para Am\u00e9rica Latina y el Caribe (CEPAL) al presentar su estudio anual\u00a0<a rel=\"noreferrer noopener\" href=\"https:\/\/www.cepal.org\/es\/publicaciones\/47147-la-inversion-extranjera-directa-america-latina-caribe-2021\" target=\"_blank\"><strong><em>La Inversi\u00f3n Extranjera Directa en Am\u00e9rica Latina y el Caribe 2021<\/em><\/strong><\/a>.<\/p>\n\n\n\n<p><a>A nivel mundial, los montos de inversi\u00f3n extranjera directa (IED) se redujeron un 35% en 2020, alcanzando aproximadamente 1,0 bill\u00f3n de d\u00f3lares, lo que representa el valor m\u00e1s bajo desde 2005. Am\u00e9rica Latina y el Caribe se encuentra en una tendencia decreciente desde 2013, lo que ha dejado en evidencia la relaci\u00f3n entre los flujos de IED y los ciclos de precios de las materias primas, principalmente en Am\u00e9rica del Sur, seg\u00fan el informe lanzado en conferencia de prensa virtual por Alicia B\u00e1rcena, Secretaria Ejecutiva del organismo regional de las Naciones Unidas.<\/a><\/p>\n\n\n\n<p>El contexto internacional sugiere que los flujos mundiales de IED tendr\u00e1n una recuperaci\u00f3n lenta. Por otra parte, la b\u00fasqueda de activos en sectores estrat\u00e9gicos para la reactivaci\u00f3n internacional y para los planes p\u00fablicos de transformaci\u00f3n de la estructura productiva (infraestructura, industria de la salud, econom\u00eda digital) indica que gran parte de estas operaciones tendr\u00edan como destino Europa, Am\u00e9rica del Norte y algunos pa\u00edses de Asia, aumentando las asimetr\u00edas globales, alerta el estudio.<\/p>\n\n\n\n<p>En Am\u00e9rica Latina y el Caribe, los proyectos de IED mostraron una recuperaci\u00f3n entre septiembre de 2020 y febrero de 2021; sin embargo, desde ese mes y hasta mayo de 2021 se estar\u00eda verificando una nueva ca\u00edda en el valor de los anuncios. \u201cEn este escenario es dif\u00edcil pensar que las entradas de IED hacia la regi\u00f3n tengan un incremento superior al 5% en 2021\u201d, se\u00f1ala el informe de la CEPAL.<\/p>\n\n\n\n<p>\u201cLa IED ha hecho aportes relevantes en Am\u00e9rica Latina y el Caribe, pero no hay elementos que permitan afirmar que en la \u00faltima d\u00e9cada haya contribuido a cambios significativos en la estructura productiva de la regi\u00f3n o que haya servido como catalizador para la transformaci\u00f3n del modelo de desarrollo productivo. Hoy el desaf\u00edo es mayor por las caracter\u00edsticas y la magnitud de la crisis. Necesitamos canalizar la IED hacia actividades que generen mayor productividad, innovaci\u00f3n y tecnolog\u00eda\u201d, sostuvo Alicia B\u00e1rcena.<\/p>\n\n\n\n<p>La CEPAL, dijo, ha identificado ocho sectores estrat\u00e9gicos para dar un gran impulso para la sostenibilidad en la regi\u00f3n. Estos sectores, que podr\u00edan verse apuntalados por la IED, son la transici\u00f3n hacia energ\u00edas renovables;&nbsp;la electromovilidad sostenible en ciudades; la revoluci\u00f3n digital inclusiva; la industria manufacturera de la salud; la bioeconom\u00eda; la econom\u00eda del cuidado; la econom\u00eda circular; y el turismo sostenible.<\/p>\n\n\n\n<p>El informe muestra que solo en cinco pa\u00edses aument\u00f3 la IED en 2020:&nbsp;Bahamas y Barbados en el Caribe, Ecuador y Paraguay en Am\u00e9rica del Sur, y M\u00e9xico, el segundo mayor receptor de la regi\u00f3n despu\u00e9s de Brasil. Los sectores de recursos naturales y manufacturas, con reducciones de -47% y -38%, respectivamente, fueron los m\u00e1s golpeados en 2020. Las energ\u00edas renovables se mantuvieron como el sector de la regi\u00f3n que despierta el mayor inter\u00e9s de los inversores extranjeros.<\/p>\n\n\n\n<p>Estados Unidos aument\u00f3 de 27% a 37% su participaci\u00f3n en la IED de la regi\u00f3n en 2020 ante la fuerte ca\u00edda de Europa (que baj\u00f3 del 51% al 38%) y de Am\u00e9rica Latina (que pas\u00f3 del 10% al 6%). \u201cLa menor ca\u00edda de Estados Unidos como origen de la IED se explica principalmente por el aumento de las inversiones de este pa\u00eds en Brasil en 2020. Por el contrario, las entradas desde los dos pa\u00edses europeos que ten\u00edan m\u00e1s inversiones en Brasil \u2014los Pa\u00edses Bajos y Luxemburgo\u2014 se redujeron entre 2020 y 2019, lo que determin\u00f3 una ca\u00edda del peso de Europa como inversionista\u201d, plantea el documento.<\/p>\n\n\n\n<p>En 2020, los flujos de las empresas transnacionales latinoamericanas (translatinas) tambi\u00e9n se desplomaron (-73%), aunque con elevada heterogeneidad: mientras Chile y M\u00e9xico mostraron un incremento en los flujos de inversi\u00f3n directa en el exterior, Argentina, Brasil, Colombia y Panam\u00e1 registraron retrocesos.<\/p>\n\n\n\n<p>\u201cAdem\u00e1s de mantener la ayuda de emergencia orientada a los sectores de la poblaci\u00f3n m\u00e1s vulnerables y a las empresas de menor tama\u00f1o, los pa\u00edses de la regi\u00f3n deben poner en marcha planes estrat\u00e9gicos tanto de reactivaci\u00f3n como de transformaci\u00f3n de la producci\u00f3n. Los gobiernos y el sector privado deben utilizar sus capacidades para que la pol\u00edtica de atracci\u00f3n de capitales extranjeros sea parte de la pol\u00edtica industrial como instrumento de transformaci\u00f3n de la estructura productiva\u201d, enfatiz\u00f3 B\u00e1rcena.<\/p>\n\n\n\n<p>El segundo cap\u00edtulo del informe, titulado \u201cLa inversi\u00f3n de China en un mundo que cambia: implicaciones para la regi\u00f3n\u201d, plantea que&nbsp;\u201cel proceso de recuperaci\u00f3n de Am\u00e9rica&nbsp;Latina y el Caribe de la pandemia de COVID-19 es una oportunidad de iniciar una nueva etapa en las relaciones econ\u00f3micas con China y de elaborar pol\u00edticas que aseguren que las inversiones de ese pa\u00eds contribuyan a construir capacidades productivas en los pa\u00edses receptores, a establecer v\u00ednculos con proveedores locales, a generar empleo y a promover el desarrollo sostenible. La multilateralidad debe formar parte de esta aproximaci\u00f3n estrat\u00e9gica\u201d.<\/p>\n\n\n\n<p>Finalmente, el tercer cap\u00edtulo, titulado \u201cEstrategias de inversi\u00f3n en la era digital\u201d, analiza el desarrollo digital en el mundo y la regi\u00f3n a trav\u00e9s de un modelo conceptual que incluye tres dimensiones (econom\u00eda conectada, econom\u00eda digital y econom\u00eda digitalizada) y aborda diversos desaf\u00edos en materia de inclusi\u00f3n, innovaci\u00f3n, regulaci\u00f3n y tributaci\u00f3n, entre otros.\u00a0La IED puede contribuir a la transformaci\u00f3n digital en Am\u00e9rica Latina y el Caribe, afirma la CEPAL, pero si no se consideran las caracter\u00edsticas estructurales de las econom\u00edas de la regi\u00f3n la digitalizaci\u00f3n podr\u00eda profundizar las brechas existentes y generar mayor exclusi\u00f3n e inequidad distributiva, concluye.<\/p>\n\n\n\n<p>  <\/p>\n\n\n\n<figure class=\"wp-block-table\"><table><tbody><tr><td> Fuente:  <strong>ECLAC-CEPALINFORMA<\/strong><\/td><\/tr><\/tbody><\/table><\/figure>\n","protected":false},"excerpt":{"rendered":"<p>diariodominicano.com En un nuevo informe, la CEPAL llama a los pa\u00edses de la regi\u00f3n a canalizar los flujos de IED -que en 2021 permanecer\u00edan estables- hacia actividades generadoras de mayor productividad, innovaci\u00f3n y tecnolog\u00eda. Santo Domingo, R. D., 5 de agosto, 2021.- \u00a0En un contexto de grave crisis sanitaria, econ\u00f3mica y social generada por la [&hellip;]<\/p>\n","protected":false},"author":5,"featured_media":290886,"comment_status":"closed","ping_status":"","sticky":true,"template":"","format":"standard","meta":{"footnotes":""},"categories":[18,27],"tags":[],"class_list":["post-290885","post","type-post","status-publish","format-standard","has-post-thumbnail","hentry","category-economia","category-portada"],"_links":{"self":[{"href":"https:\/\/diariodominicano.com\/index.php?rest_route=\/wp\/v2\/posts\/290885","targetHints":{"allow":["GET"]}}],"collection":[{"href":"https:\/\/diariodominicano.com\/index.php?rest_route=\/wp\/v2\/posts"}],"about":[{"href":"https:\/\/diariodominicano.com\/index.php?rest_route=\/wp\/v2\/types\/post"}],"author":[{"embeddable":true,"href":"https:\/\/diariodominicano.com\/index.php?rest_route=\/wp\/v2\/users\/5"}],"replies":[{"embeddable":true,"href":"https:\/\/diariodominicano.com\/index.php?rest_route=%2Fwp%2Fv2%2Fcomments&post=290885"}],"version-history":[{"count":1,"href":"https:\/\/diariodominicano.com\/index.php?rest_route=\/wp\/v2\/posts\/290885\/revisions"}],"predecessor-version":[{"id":290887,"href":"https:\/\/diariodominicano.com\/index.php?rest_route=\/wp\/v2\/posts\/290885\/revisions\/290887"}],"wp:featuredmedia":[{"embeddable":true,"href":"https:\/\/diariodominicano.com\/index.php?rest_route=\/wp\/v2\/media\/290886"}],"wp:attachment":[{"href":"https:\/\/diariodominicano.com\/index.php?rest_route=%2Fwp%2Fv2%2Fmedia&parent=290885"}],"wp:term":[{"taxonomy":"category","embeddable":true,"href":"https:\/\/diariodominicano.com\/index.php?rest_route=%2Fwp%2Fv2%2Fcategories&post=290885"},{"taxonomy":"post_tag","embeddable":true,"href":"https:\/\/diariodominicano.com\/index.php?rest_route=%2Fwp%2Fv2%2Ftags&post=290885"}],"curies":[{"name":"wp","href":"https:\/\/api.w.org\/{rel}","templated":true}]}}