{"id":290882,"date":"2021-08-05T13:08:16","date_gmt":"2021-08-05T17:08:16","guid":{"rendered":"http:\/\/diariodominicano.com\/?p=290882"},"modified":"2021-08-05T13:08:16","modified_gmt":"2021-08-05T17:08:16","slug":"varios-paises-abogan-por-distribucion-equitativa-de-las-vacunas-para-disminuir-impacto-de-la-covid-19","status":"publish","type":"post","link":"https:\/\/diariodominicano.com\/?p=290882","title":{"rendered":"Varios pa\u00edses abogan por distribuci\u00f3n equitativa de las vacunas para disminuir impacto de la COVID-19"},"content":{"rendered":"\n<p>diariodominicano.com<\/p>\n\n\n\n<p>Aprueban una \u201cDeclaraci\u00f3n Conjunta durante del Foro Internacional sobre la Cooperaci\u00f3n en Vacuna<\/p>\n\n\n\n<p>Santo Domingo, R. D., 5 de agosto, 2021.-   Durante el Foro Internacional sobre Cooperaci\u00f3n en materia de Vacunas COVID-19, varios pa\u00edses aprobaron la Declaraci\u00f3n Conjunta del Foro Internacional sobre la Cooperaci\u00f3n en Vacuna iniciativa que busca la solidaridad y cooperaci\u00f3n como ejes fundamentales para la lucha contra la pandemia, \u201cun reto que enfrentan todas las naciones del mundo\u201d<\/p>\n\n\n\n<p>En el documento resalta, entre otros puntos, la importancia del multilateralismo y la cooperaci\u00f3n mundial para la investigaci\u00f3n, producci\u00f3n y distribuci\u00f3n equitativa de las vacunas, documento que ser\u00e1 tramitado a la parte dominicana, a trav\u00e9s de su embajada en Beijing.<\/p>\n\n\n\n<p>En el encuentro virtual que tuvo como objetivo presentar, junto a los ministros de Salud de Rep\u00fablica Dominicana, Turqu\u00eda, Chile, Colombia, Filipinas, Egipto, Hungr\u00eda Indonesia, Kenia, Marruecos, M\u00e9xico, Serbia, entre otros, los logros y avances en las iniciativas globales para la mitigaci\u00f3n del virus SARS-CoV-2, que ha representado un importante reto para los sistemas de salud a nivel mundial.<\/p>\n\n\n\n<p>El ministro de Salud, doctor Daniel Rivera, invitado por la Embajada de la Rep\u00fablica Popular de China, sostuvo que, junto a la vicepresidenta y coordinadora del Gabinete de Salud, Raquel Pe\u00f1a, se ha logrado dise\u00f1ar e implementar el Plan Nacional de Vacunaci\u00f3n para disminuir el impacto de la COVID-19, el cual busca asegurar vacunas para todos los dominicanos y dominicanas.<\/p>\n\n\n\n<p>Manifest\u00f3 que, \u201cmediante alianzas p\u00fablico-privadas, el apoyo de las entidades gubernamentales, la participaci\u00f3n activa de los comunitarios y la log\u00edstica definida por el Centro Neur\u00e1lgico de Vacunaci\u00f3n Nacional contra la COVID-19, hemos logrado seg\u00fan cifras preliminares de fecha 29 de julio de 2021, el 65.9% de la poblaci\u00f3n vacunada con primera dosis, y un 51.6% con segunda dosis, entre la poblaci\u00f3n mayor o igual a 18 a\u00f1os, representando un total de 10,148,305 dosis aplicadas\u201d, enfatiz\u00f3 Rivera.<\/p>\n\n\n\n<p>Asimismo, el titular de Salud indic\u00f3 que entre los meses de abril y mayo de 2021 fue inocul<\/p>\n\n\n\n<p>ado con ambas dosis el 100% del personal del sector tur\u00edstico del pa\u00eds, registrando mayores avances en porcentaje en el proceso de vacunaci\u00f3n en las zonas de mayor flujo de visitantes internacionales.<\/p>\n\n\n\n<p>Dijo que, a la fecha, \u201cpodemos decir que, la Rep\u00fablica Dominicana se encuentra entre los primeros pa\u00edses en cobertura de vacunaci\u00f3n, lo que conjuntamente con las medidas restrictivas y la cooperaci\u00f3n internacional, han permitido un manejo del virus que ha resultado en la reducci\u00f3n notable de los contagios y hospitalizaciones, siendo solo 21% el nivel de ocupaci\u00f3n de camas COVID-19 a nivel nacional y tan solo 1.16% de letalidad, una de las tasas m\u00e1s bajas a nivel mundial\u201d, indic\u00f3.<\/p>\n\n\n\n<p>El ministro de Salud estuvo acompa\u00f1ado del viceministro de Salud Colectiva, Dr. Eladio P\u00e9rez, mientras de forma virtual estuvieron presentes el Sr. Antonio Guti\u00e9rrez, secretario general de las Naciones Unidas; el Sr. Tedros Ghebreyesus, director general de la Organizaci\u00f3n Mundial de la Salud (OMS); el Sr. Wang Yi, consejero de Estado de la Rep\u00fablica Popular de China, entre otros representantes del sistema de salud internacional.<\/p>\n\n\n\n<p>5 de agosto de 2021<br>Fuente:  Direcci\u00f3n de Comunicaci\u00f3n Estrat\u00e9gica<\/p>\n","protected":false},"excerpt":{"rendered":"<p>diariodominicano.com Aprueban una \u201cDeclaraci\u00f3n Conjunta durante del Foro Internacional sobre la Cooperaci\u00f3n en Vacuna Santo Domingo, R. D., 5 de agosto, 2021.- Durante el Foro Internacional sobre Cooperaci\u00f3n en materia de Vacunas COVID-19, varios pa\u00edses aprobaron la Declaraci\u00f3n Conjunta del Foro Internacional sobre la Cooperaci\u00f3n en Vacuna iniciativa que busca la solidaridad y cooperaci\u00f3n como [&hellip;]<\/p>\n","protected":false},"author":5,"featured_media":290883,"comment_status":"closed","ping_status":"","sticky":true,"template":"","format":"standard","meta":{"footnotes":""},"categories":[20,27],"tags":[],"class_list":["post-290882","post","type-post","status-publish","format-standard","has-post-thumbnail","hentry","category-dominicana-hoy","category-portada"],"_links":{"self":[{"href":"https:\/\/diariodominicano.com\/index.php?rest_route=\/wp\/v2\/posts\/290882","targetHints":{"allow":["GET"]}}],"collection":[{"href":"https:\/\/diariodominicano.com\/index.php?rest_route=\/wp\/v2\/posts"}],"about":[{"href":"https:\/\/diariodominicano.com\/index.php?rest_route=\/wp\/v2\/types\/post"}],"author":[{"embeddable":true,"href":"https:\/\/diariodominicano.com\/index.php?rest_route=\/wp\/v2\/users\/5"}],"replies":[{"embeddable":true,"href":"https:\/\/diariodominicano.com\/index.php?rest_route=%2Fwp%2Fv2%2Fcomments&post=290882"}],"version-history":[{"count":1,"href":"https:\/\/diariodominicano.com\/index.php?rest_route=\/wp\/v2\/posts\/290882\/revisions"}],"predecessor-version":[{"id":290884,"href":"https:\/\/diariodominicano.com\/index.php?rest_route=\/wp\/v2\/posts\/290882\/revisions\/290884"}],"wp:featuredmedia":[{"embeddable":true,"href":"https:\/\/diariodominicano.com\/index.php?rest_route=\/wp\/v2\/media\/290883"}],"wp:attachment":[{"href":"https:\/\/diariodominicano.com\/index.php?rest_route=%2Fwp%2Fv2%2Fmedia&parent=290882"}],"wp:term":[{"taxonomy":"category","embeddable":true,"href":"https:\/\/diariodominicano.com\/index.php?rest_route=%2Fwp%2Fv2%2Fcategories&post=290882"},{"taxonomy":"post_tag","embeddable":true,"href":"https:\/\/diariodominicano.com\/index.php?rest_route=%2Fwp%2Fv2%2Ftags&post=290882"}],"curies":[{"name":"wp","href":"https:\/\/api.w.org\/{rel}","templated":true}]}}