{"id":290879,"date":"2021-08-05T12:50:22","date_gmt":"2021-08-05T16:50:22","guid":{"rendered":"http:\/\/diariodominicano.com\/?p=290879"},"modified":"2021-08-05T12:50:22","modified_gmt":"2021-08-05T16:50:22","slug":"miguel-juramenta-nuevos-dirigentes-en-el-prd","status":"publish","type":"post","link":"https:\/\/diariodominicano.com\/?p=290879","title":{"rendered":"Miguel juramenta nuevos dirigentes en el PRD"},"content":{"rendered":"\n<p>diariodominicano.com<\/p>\n\n\n\n<p>Santo Domingo, R. D.,  5 de agosto, 2021.-  El presidente del Partido Revolucionario Dominicano Miguel Vargas, jurament\u00f3 la tarde de este mi\u00e9rcoles a importantes dirigentes del municipio Santo Domingo Norte, dentro de los que se encuentran los Licenciados Juan de la Cruz, Johanna Antonia Valent\u00edn y Mercedes Gonz\u00e1lez, quienes, junto a sus respectivos equipos de apoyo, pasaron a formar parte de las filas del partido blanco y del \u00abjacho prendio\u00bb.<\/p>\n\n\n\n<p>Al juramentarse en el PRD los dirigentes manifestaron que: \u201cdaban este paso porque el PRD es lo que m\u00e1s se parece a la sociedad dominicana\u201d<\/p>\n\n\n\n<p>\u201cEl PRD de hoy, bajo la direcci\u00f3n de Miguel Vargas, tiene la obligaci\u00f3n de transitar el camino de la diferenciaci\u00f3n pol\u00edtica y de la era digital\u201d, manifest\u00f3 Juan de la Cruz, hablando en nombre del grupo. El PRD es una genuina representaci\u00f3n popular y tomando en cuenta los valores que le identifican como la hermandad y la solidaridad, podemos decir que son valores que nos motivan a formar parte de este partido\u201d, a\u00f1adi\u00f3.<\/p>\n\n\n\n<p>De la Cruz y Valent\u00edn Almonte participaron en el proceso electoral reci\u00e9n pasado como candidatos a diputados por la Circunscripci\u00f3n # 06 en Santo Domingo Norte, mientras que la licenciada Gonz\u00e1lez fue la candidata a Vicealcalde por la Alianza por la Democracia.<\/p>\n\n\n\n<p>De su parte el presidente Miguel Vargas al recibirlos y juramentarlos manifest\u00f3 que: \u201cAqu\u00ed&nbsp;est\u00e1n las puertas abiertas para hacer pol\u00edtica, por que el PRD es el partido m\u00e1s comprometido con la gente, el partido de m\u00e1s aportes a la sociedad, el partido de la filosof\u00eda de primero la gente, el partido que lucha por la paz, la tranquilidad, el desarrollo y el bienestar del pueblo dominicano\u201d.<\/p>\n\n\n\n<p>Refiri\u00e9ndose a las ejecutorias de la actual gesti\u00f3n del gobierno del PRM dijo que: \u201cLos tiempos de promesa han pasado, gobernar es hacer no quedarse en anuncios\u201d.<\/p>\n\n\n\n<p>Adem\u00e1s de Vargas, en el evento estuvo presente, Peggy Cabral presidenta en funciones, Amadeo Lorenzo Vicepresidente nacional, Angely Quezada vicepresidenta del municipio Santo Domingo Norte, Abril Pe\u00f1a Vicepresidente nacional, Amancia de la Cruz secretaria nacional de las mujeres, Eric Serrano presidente de la JRD en el Distrito Nacional, entre otros.<\/p>\n\n\n\n<p>Fuente:  <strong>PRENSA PRD<\/strong>\u00a0<\/p>\n\n\n\n<p><strong>COMUNICACIONES PRD<\/strong><\/p>\n\n\n\n<p>04 de agosto 2021<\/p>\n","protected":false},"excerpt":{"rendered":"<p>diariodominicano.com Santo Domingo, R. D., 5 de agosto, 2021.- El presidente del Partido Revolucionario Dominicano Miguel Vargas, jurament\u00f3 la tarde de este mi\u00e9rcoles a importantes dirigentes del municipio Santo Domingo Norte, dentro de los que se encuentran los Licenciados Juan de la Cruz, Johanna Antonia Valent\u00edn y Mercedes Gonz\u00e1lez, quienes, junto a sus respectivos equipos [&hellip;]<\/p>\n","protected":false},"author":5,"featured_media":290880,"comment_status":"closed","ping_status":"","sticky":true,"template":"","format":"standard","meta":{"footnotes":""},"categories":[22,27],"tags":[],"class_list":["post-290879","post","type-post","status-publish","format-standard","has-post-thumbnail","hentry","category-politica","category-portada"],"_links":{"self":[{"href":"https:\/\/diariodominicano.com\/index.php?rest_route=\/wp\/v2\/posts\/290879","targetHints":{"allow":["GET"]}}],"collection":[{"href":"https:\/\/diariodominicano.com\/index.php?rest_route=\/wp\/v2\/posts"}],"about":[{"href":"https:\/\/diariodominicano.com\/index.php?rest_route=\/wp\/v2\/types\/post"}],"author":[{"embeddable":true,"href":"https:\/\/diariodominicano.com\/index.php?rest_route=\/wp\/v2\/users\/5"}],"replies":[{"embeddable":true,"href":"https:\/\/diariodominicano.com\/index.php?rest_route=%2Fwp%2Fv2%2Fcomments&post=290879"}],"version-history":[{"count":1,"href":"https:\/\/diariodominicano.com\/index.php?rest_route=\/wp\/v2\/posts\/290879\/revisions"}],"predecessor-version":[{"id":290881,"href":"https:\/\/diariodominicano.com\/index.php?rest_route=\/wp\/v2\/posts\/290879\/revisions\/290881"}],"wp:featuredmedia":[{"embeddable":true,"href":"https:\/\/diariodominicano.com\/index.php?rest_route=\/wp\/v2\/media\/290880"}],"wp:attachment":[{"href":"https:\/\/diariodominicano.com\/index.php?rest_route=%2Fwp%2Fv2%2Fmedia&parent=290879"}],"wp:term":[{"taxonomy":"category","embeddable":true,"href":"https:\/\/diariodominicano.com\/index.php?rest_route=%2Fwp%2Fv2%2Fcategories&post=290879"},{"taxonomy":"post_tag","embeddable":true,"href":"https:\/\/diariodominicano.com\/index.php?rest_route=%2Fwp%2Fv2%2Ftags&post=290879"}],"curies":[{"name":"wp","href":"https:\/\/api.w.org\/{rel}","templated":true}]}}