{"id":290869,"date":"2021-08-05T12:19:58","date_gmt":"2021-08-05T16:19:58","guid":{"rendered":"http:\/\/diariodominicano.com\/?p=290869"},"modified":"2021-08-05T12:19:58","modified_gmt":"2021-08-05T16:19:58","slug":"deligne-ascencion-ministro-de-obras-publicas-es-el-funcionario-publico-del-mes-de-julio","status":"publish","type":"post","link":"https:\/\/diariodominicano.com\/?p=290869","title":{"rendered":"Deligne Ascencion, ministro de Obras Publicas, es el funcionario p\u00fablico del mes de julio"},"content":{"rendered":"\n<p>diariodominicano.com<\/p>\n\n\n\n<p>Santo Domingo, R. D., 5 de agosto, 2021.-  <em>El ministro de Obras P\u00fablicas y Comunicaciones (MOPC), Deligne Ascencion\u00a0fue reconocido como funcionario p\u00fablico del mes de julio por el portal Nuestras Instituciones P\u00fablicas.<\/em><\/p>\n\n\n\n<p>Entre las principales acciones que sirvieron de base para la selecci\u00f3n de Deligne Ascencion como funcionario p\u00fablico del mes de julio, se destacan que el ministro de Obras P\u00fablicas&nbsp;anunci\u00f3 la ejecuci\u00f3n de un vasto plan de trabajo en los municipios y distritos municipales de la provincia de Azua, que incluye la construcci\u00f3n y reconstrucci\u00f3n de calles, aceras y contenes, programa que se extender\u00e1 a todas las provincias del pa\u00eds.<\/p>\n\n\n\n<p>La informaci\u00f3n la ofreci\u00f3 el ministro&nbsp;tras encabezar una mesa de trabajo con veinte alcaldes y directores de distritos municipales.&nbsp;<\/p>\n\n\n\n<p>Conjuntamente, en julio, el ministro inici\u00f3 los trabajos de pavimentaci\u00f3n y reconstrucci\u00f3n de las calles y contenes del sector Los Jardines del Norte, del Distrito Nacional, incluyendo el parque Julio N\u00fa\u00f1ez, con una inversi\u00f3n superior a los RD$200 millones.&nbsp; El funcionario dio el primer palazo para la remodelaci\u00f3n del parque Julio N\u00fa\u00f1ez, donde afirm\u00f3 que las labores de pavimentaci\u00f3n de todas las calles y reconstrucci\u00f3n de contenes deben tomar muy en cuenta la participaci\u00f3n de los residentes de la comunidad.<\/p>\n\n\n\n<p>Asimismo, durante el&nbsp;mes de julio, el ministro Ascenci\u00f3n, realiz\u00f3 un recorrido de supervisi\u00f3n en el cual afirm\u00f3 que: \u201cSe est\u00e1n dando los toques finales para la inauguraci\u00f3n de&nbsp;la reconstruida&nbsp; carretera Tur\u00edstica La Cumbre \u201cGeneral Gregorio Luper\u00f3n\u201d, que conduce de Santiago a Puerto Plata, con una longitud aproximada de 40 kil\u00f3metros, que se encuentra en la fase final para su inauguraci\u00f3n.<\/p>\n\n\n\n<p>A u vez, durante una visita,&nbsp;el ministro de Obras P\u00fablicas, destac\u00f3 la importancia de los trabajos que se realizan en la carretera que conecta los municipios de Piedra Blanca, Maim\u00f3n y Cotu\u00ed, y que constituye la principal v\u00eda de comunicaci\u00f3n entre las provincias Monse\u00f1or Nouel y S\u00e1nchez Ram\u00edrez, adem\u00e1s de que enlaza la autopista Duarte con la regi\u00f3n Nordeste.<\/p>\n\n\n\n<p>Los trabajos&nbsp; se realizan en Loma Mala, en espec\u00edfico la soluci\u00f3n al punto cr\u00edtico all\u00ed, donde se construye un muro de gaviones a orillas del r\u00edo Maim\u00f3n, el ministro Ascenci\u00f3n dijo que esa obra representa la soluci\u00f3n a un problema que era arrastrado desde hace a\u00f1os, con las cont\u00ednuas crecidas de ese afluente del r\u00edo Yuna.<\/p>\n\n\n\n<p>El Ministerio de Obras P\u00fablicas y Comunicaciones (MOPC) en el mes de julio&nbsp; dej\u00f3&nbsp; oficialmente abierto el tr\u00e1nsito por el remodelado puente Juan Bosch, al cual se le colocaron nuevas juntas de expansi\u00f3n en sus seis carriles, que fueron asfaltados y se\u00f1alizados.<\/p>\n\n\n\n<p>El acto de entrega fue encabezado por el ministro Deligne Ascenci\u00f3n, quien dijo que la capa de rodadura de la estructura fue sometida a asfaltado total, al tiempo de se\u00f1alar que esta obra hab\u00eda sido abandonada a su suerte por las pasadas autoridades.&nbsp;<\/p>\n\n\n\n<p>Otra de las acciones merecedoras del galard\u00f3n del funcionario p\u00fablico del mes de julio fue la entrega del monasterio Santa Teresa del Ni\u00f1o Jes\u00fas, de las Hermanas Carmelitas, en el distrito municipal El Barro de Azua reconstruido por MOPC, correspondiendo a una solicitud de su directiva. La inauguraci\u00f3n del monasterio estuvo encabeza por el ministro Deligne.&nbsp;<\/p>\n\n\n\n<p>Tambi\u00e9n cabe resaltar que, el ministro de Obras P\u00fablicas, recibi\u00f3 en su despacho durante el mes de julio a miembros de la directiva del Instituto de Tasadores Dominicanos (ITADO), donde acordaron desarrollar cursos de capacitaci\u00f3n certificados para los empleados del MOPC.<\/p>\n\n\n\n<p>El portal Nuestras Instituciones P\u00fablicas entrega cada mes el reconocimiento al Funcionario P\u00fablico del mes, luego de una consulta realizada por la compa\u00f1\u00eda Dominicana Investiga donde se consultan a expertos para garantizar que cada entrega sea la decisi\u00f3n m\u00e1s justa.\u00a0 El portal es parte de la Corporaci\u00f3n de Medios Digitales Gelan, que contiene m\u00e1s de 100 medios digitales que abarcan los temas de pol\u00edtica, vida nacional, econom\u00eda, arte, entre otros temas de inter\u00e9s.<\/p>\n\n\n\n<p><\/p>\n","protected":false},"excerpt":{"rendered":"<p>diariodominicano.com Santo Domingo, R. D., 5 de agosto, 2021.- El ministro de Obras P\u00fablicas y Comunicaciones (MOPC), Deligne Ascencion\u00a0fue reconocido como funcionario p\u00fablico del mes de julio por el portal Nuestras Instituciones P\u00fablicas. Entre las principales acciones que sirvieron de base para la selecci\u00f3n de Deligne Ascencion como funcionario p\u00fablico del mes de julio, se [&hellip;]<\/p>\n","protected":false},"author":5,"featured_media":290870,"comment_status":"closed","ping_status":"","sticky":true,"template":"","format":"standard","meta":{"footnotes":""},"categories":[20,27],"tags":[],"class_list":["post-290869","post","type-post","status-publish","format-standard","has-post-thumbnail","hentry","category-dominicana-hoy","category-portada"],"_links":{"self":[{"href":"https:\/\/diariodominicano.com\/index.php?rest_route=\/wp\/v2\/posts\/290869","targetHints":{"allow":["GET"]}}],"collection":[{"href":"https:\/\/diariodominicano.com\/index.php?rest_route=\/wp\/v2\/posts"}],"about":[{"href":"https:\/\/diariodominicano.com\/index.php?rest_route=\/wp\/v2\/types\/post"}],"author":[{"embeddable":true,"href":"https:\/\/diariodominicano.com\/index.php?rest_route=\/wp\/v2\/users\/5"}],"replies":[{"embeddable":true,"href":"https:\/\/diariodominicano.com\/index.php?rest_route=%2Fwp%2Fv2%2Fcomments&post=290869"}],"version-history":[{"count":1,"href":"https:\/\/diariodominicano.com\/index.php?rest_route=\/wp\/v2\/posts\/290869\/revisions"}],"predecessor-version":[{"id":290871,"href":"https:\/\/diariodominicano.com\/index.php?rest_route=\/wp\/v2\/posts\/290869\/revisions\/290871"}],"wp:featuredmedia":[{"embeddable":true,"href":"https:\/\/diariodominicano.com\/index.php?rest_route=\/wp\/v2\/media\/290870"}],"wp:attachment":[{"href":"https:\/\/diariodominicano.com\/index.php?rest_route=%2Fwp%2Fv2%2Fmedia&parent=290869"}],"wp:term":[{"taxonomy":"category","embeddable":true,"href":"https:\/\/diariodominicano.com\/index.php?rest_route=%2Fwp%2Fv2%2Fcategories&post=290869"},{"taxonomy":"post_tag","embeddable":true,"href":"https:\/\/diariodominicano.com\/index.php?rest_route=%2Fwp%2Fv2%2Ftags&post=290869"}],"curies":[{"name":"wp","href":"https:\/\/api.w.org\/{rel}","templated":true}]}}