{"id":290866,"date":"2021-08-05T12:11:37","date_gmt":"2021-08-05T16:11:37","guid":{"rendered":"http:\/\/diariodominicano.com\/?p=290866"},"modified":"2021-08-05T12:11:37","modified_gmt":"2021-08-05T16:11:37","slug":"mexico-sera-sede-de-dialogo-entre-gobierno-de-venezuela-y-oposicion-afirma-lopez-obrador","status":"publish","type":"post","link":"https:\/\/diariodominicano.com\/?p=290866","title":{"rendered":"M\u00e9xico ser\u00e1 sede de di\u00e1logo entre gobierno de Venezuela y oposici\u00f3n, afirma L\u00f3pez Obrador"},"content":{"rendered":"\n<p>diariodominicano.com<a rel=\"noreferrer noopener\" href=\"http:\/\/home.xinhua-news.com\/gdsdetailxhs\/share\/9792568-?pageflag=iframe\" target=\"_blank\"><\/a><\/p>\n\n\n\n<pre id=\"text-news-description\" class=\"wp-block-preformatted\">   MEXICO, 5 ago (Xinhua) -- El presidente de M\u00e9xico, Andr\u00e9s Manuel L\u00f3pez Obrador, confirm\u00f3 hoy jueves que el pa\u00eds ser\u00e1 sede del di\u00e1logo entre el gobierno de Venezuela, encabezado por su hom\u00f3logo venezolano, Nicol\u00e1s Maduro, y la oposici\u00f3n en la b\u00fasqueda de acuerdos.\n   El mandatario mexicano dijo en su habitual rueda de prensa diaria que la iniciativa fue propuesta originalmente por Noruega.\n   \"Lo que buscamos es que haya di\u00e1logo y acuerdos entre las partes, son pl\u00e1ticas entre el gobierno de Venezuela y la oposici\u00f3n\", indic\u00f3 el mandatario mexicano a periodistas, en Palacio Nacional en la Ciudad de M\u00e9xico.\n   \"Ojal\u00e1 y se logre un acuerdo\", agreg\u00f3 optimista L\u00f3pez Obrador, sin ofrecer m\u00e1s detalles sobre fechas.\n   A inicios de julio pasado, el mandatario venezolano accedi\u00f3 a que M\u00e9xico actuara como sede del di\u00e1logo pol\u00edtico con la oposici\u00f3n de Venezuela y exigi\u00f3 el cumplimiento de tres condiciones m\u00ednimas para que su gobierno acceda a las conversaciones.\n   Maduro pidi\u00f3 que los sectores pol\u00edticos participantes renuncien a planes violentos, que cesen de inmediato todas las sanciones de Estados Unidos y otros pa\u00edses contra Venezuela y que la oposici\u00f3n radical reconozca la autoridad de todos los poderes p\u00fablicos de la naci\u00f3n.<\/pre>\n","protected":false},"excerpt":{"rendered":"<p>diariodominicano.com MEXICO, 5 ago (Xinhua) &#8212; El presidente de M\u00e9xico, Andr\u00e9s Manuel L\u00f3pez Obrador, confirm\u00f3 hoy jueves que el pa\u00eds ser\u00e1 sede del di\u00e1logo entre el gobierno de Venezuela, encabezado por su hom\u00f3logo venezolano, Nicol\u00e1s Maduro, y la oposici\u00f3n en la b\u00fasqueda de acuerdos. El mandatario mexicano dijo en su habitual rueda de prensa diaria [&hellip;]<\/p>\n","protected":false},"author":5,"featured_media":290867,"comment_status":"closed","ping_status":"","sticky":true,"template":"","format":"standard","meta":{"footnotes":""},"categories":[23,27],"tags":[],"class_list":["post-290866","post","type-post","status-publish","format-standard","has-post-thumbnail","hentry","category-internacional","category-portada"],"_links":{"self":[{"href":"https:\/\/diariodominicano.com\/index.php?rest_route=\/wp\/v2\/posts\/290866","targetHints":{"allow":["GET"]}}],"collection":[{"href":"https:\/\/diariodominicano.com\/index.php?rest_route=\/wp\/v2\/posts"}],"about":[{"href":"https:\/\/diariodominicano.com\/index.php?rest_route=\/wp\/v2\/types\/post"}],"author":[{"embeddable":true,"href":"https:\/\/diariodominicano.com\/index.php?rest_route=\/wp\/v2\/users\/5"}],"replies":[{"embeddable":true,"href":"https:\/\/diariodominicano.com\/index.php?rest_route=%2Fwp%2Fv2%2Fcomments&post=290866"}],"version-history":[{"count":1,"href":"https:\/\/diariodominicano.com\/index.php?rest_route=\/wp\/v2\/posts\/290866\/revisions"}],"predecessor-version":[{"id":290868,"href":"https:\/\/diariodominicano.com\/index.php?rest_route=\/wp\/v2\/posts\/290866\/revisions\/290868"}],"wp:featuredmedia":[{"embeddable":true,"href":"https:\/\/diariodominicano.com\/index.php?rest_route=\/wp\/v2\/media\/290867"}],"wp:attachment":[{"href":"https:\/\/diariodominicano.com\/index.php?rest_route=%2Fwp%2Fv2%2Fmedia&parent=290866"}],"wp:term":[{"taxonomy":"category","embeddable":true,"href":"https:\/\/diariodominicano.com\/index.php?rest_route=%2Fwp%2Fv2%2Fcategories&post=290866"},{"taxonomy":"post_tag","embeddable":true,"href":"https:\/\/diariodominicano.com\/index.php?rest_route=%2Fwp%2Fv2%2Ftags&post=290866"}],"curies":[{"name":"wp","href":"https:\/\/api.w.org\/{rel}","templated":true}]}}