{"id":290863,"date":"2021-08-05T12:02:53","date_gmt":"2021-08-05T16:02:53","guid":{"rendered":"http:\/\/diariodominicano.com\/?p=290863"},"modified":"2021-08-05T12:02:53","modified_gmt":"2021-08-05T16:02:53","slug":"pro-consumidor-dice-suman-medio-centenar-los-negocios-sancionados-por-especulacion","status":"publish","type":"post","link":"https:\/\/diariodominicano.com\/?p=290863","title":{"rendered":"Pro Consumidor dice suman medio centenar los negocios sancionados por especulaci\u00f3n"},"content":{"rendered":"\n<p>diariodominicano.com<\/p>\n\n\n\n<p>Los propietarios de estos establecimientos han sido objetos de medidas preventivas que van desde advertencia, multas y cierre temporal<\/p>\n\n\n\n<p><strong>Santo Domingo, R. D., 5 de agosto, 2021.-\u00a0<\/strong>El director ejecutivo del Instituto Nacional de Protecci\u00f3n de los Derechos del Consumidor (Pro Consumidor), Eddy Alc\u00e1ntara, inform\u00f3 que se eleva a m\u00e1s de medio centenar los negocios que han sido sancionados por incurrir en pr\u00e1cticas especulativas.<\/p>\n\n\n\n<p>Alc\u00e1ntara explic\u00f3 que los propietarios de esos comercios han sido objeto de medidas preventivas que van desde advertencia, multas y cierre temporal del establecimiento.<\/p>\n\n\n\n<p>Explic\u00f3, adem\u00e1s, que los mismos ser\u00e1n denunciados ante el Ministerio P\u00fablico por violaci\u00f3n al art\u00edculo 419 del C\u00f3digo Penal Dominicano (CPD) y sancionados por la Ley 358-05 de Protecci\u00f3n al Derecho del Consumidor.<\/p>\n\n\n\n<p>Manifest\u00f3 que esos comercios fueron sorprendidos especulando con los precios de muchos de los art\u00edculos de la canasta familiar, lo que constituye una violaci\u00f3n que afecta a los bolsillos y derechos de los consumidores.<\/p>\n\n\n\n<p>Dijo que esos negocios fueron sorprendidos incurriendo en actos especulativos en varios operativos de inspecci\u00f3n realizados en el Distrito Nacional y diferentes provincias del pa\u00eds, \u201cdonde se encontraron no conformidades y acciones especulativas en la venta de productos de la canasta familiar\u201d.<\/p>\n\n\n\n<p>\u201cPor esta raz\u00f3n hacemos el llamado a los due\u00f1os de negocios a desistir de estas acciones que perjudican a la poblaci\u00f3n, principalmente a las familias de menos recursos econ\u00f3micos, que son la mayor\u00eda del pueblo dominicano\u201d, agreg\u00f3.<\/p>\n\n\n\n<p>Alc\u00e1ntara sostuvo, asimismo, que Pro Consumidor se mantendr\u00e1 d\u00e1ndole seguimiento a estos comercios que han sido advertidos por estar haciendo uso de elementos especulativos, \u201cy en caso de evidenciarse reiteraci\u00f3n en las no conformidades, se proceder\u00e1 a aplicar las sanciones correspondientes antes mencionadas\u201d.<\/p>\n\n\n\n<p>Fuente: <strong>Prensa Proconsumidor<\/strong><\/p>\n\n\n\n<p> <strong><u>DEPARTAMENTO DE COMUNICACIONES<\/u><\/strong><\/p>\n\n\n\n<p><strong>Departamento de Comunicaciones<\/strong><\/p>\n\n\n\n<p><strong>Pro Consumidor<\/strong><\/p>\n","protected":false},"excerpt":{"rendered":"<p>diariodominicano.com Los propietarios de estos establecimientos han sido objetos de medidas preventivas que van desde advertencia, multas y cierre temporal Santo Domingo, R. D., 5 de agosto, 2021.-\u00a0El director ejecutivo del Instituto Nacional de Protecci\u00f3n de los Derechos del Consumidor (Pro Consumidor), Eddy Alc\u00e1ntara, inform\u00f3 que se eleva a m\u00e1s de medio centenar los negocios [&hellip;]<\/p>\n","protected":false},"author":5,"featured_media":290864,"comment_status":"closed","ping_status":"","sticky":true,"template":"","format":"standard","meta":{"footnotes":""},"categories":[20,27],"tags":[],"class_list":["post-290863","post","type-post","status-publish","format-standard","has-post-thumbnail","hentry","category-dominicana-hoy","category-portada"],"_links":{"self":[{"href":"https:\/\/diariodominicano.com\/index.php?rest_route=\/wp\/v2\/posts\/290863","targetHints":{"allow":["GET"]}}],"collection":[{"href":"https:\/\/diariodominicano.com\/index.php?rest_route=\/wp\/v2\/posts"}],"about":[{"href":"https:\/\/diariodominicano.com\/index.php?rest_route=\/wp\/v2\/types\/post"}],"author":[{"embeddable":true,"href":"https:\/\/diariodominicano.com\/index.php?rest_route=\/wp\/v2\/users\/5"}],"replies":[{"embeddable":true,"href":"https:\/\/diariodominicano.com\/index.php?rest_route=%2Fwp%2Fv2%2Fcomments&post=290863"}],"version-history":[{"count":1,"href":"https:\/\/diariodominicano.com\/index.php?rest_route=\/wp\/v2\/posts\/290863\/revisions"}],"predecessor-version":[{"id":290865,"href":"https:\/\/diariodominicano.com\/index.php?rest_route=\/wp\/v2\/posts\/290863\/revisions\/290865"}],"wp:featuredmedia":[{"embeddable":true,"href":"https:\/\/diariodominicano.com\/index.php?rest_route=\/wp\/v2\/media\/290864"}],"wp:attachment":[{"href":"https:\/\/diariodominicano.com\/index.php?rest_route=%2Fwp%2Fv2%2Fmedia&parent=290863"}],"wp:term":[{"taxonomy":"category","embeddable":true,"href":"https:\/\/diariodominicano.com\/index.php?rest_route=%2Fwp%2Fv2%2Fcategories&post=290863"},{"taxonomy":"post_tag","embeddable":true,"href":"https:\/\/diariodominicano.com\/index.php?rest_route=%2Fwp%2Fv2%2Ftags&post=290863"}],"curies":[{"name":"wp","href":"https:\/\/api.w.org\/{rel}","templated":true}]}}