{"id":290854,"date":"2021-08-05T11:10:23","date_gmt":"2021-08-05T15:10:23","guid":{"rendered":"http:\/\/diariodominicano.com\/?p=290854"},"modified":"2021-08-05T11:10:23","modified_gmt":"2021-08-05T15:10:23","slug":"un-total-de-657-miembros-de-adompretur-estan-convocados-a-sufragar-en-14-centros-de-votacion","status":"publish","type":"post","link":"https:\/\/diariodominicano.com\/?p=290854","title":{"rendered":"Un total de 657 miembros de Adompretur est\u00e1n convocados a sufragar en 14 centros de votaci\u00f3n"},"content":{"rendered":"\n<p>diariodominicano.com<\/p>\n\n\n\n<p>Santo Domingo, R. D., 5 de agosto, 2021.-  <strong><em>La Comisi\u00f3n Nacional Electoral de Adompretur llama a la membres\u00eda a ejercer el voto en las\u00a0elecciones que se llevar\u00e1n a cabo este viernes 6 de agosto, en horario de 8:00 de la ma\u00f1ana a 4:00 de la tarde, en la sede del Colegio Dominicano de Periodistas, en las filiales y el exterior.<\/em><\/strong><\/p>\n\n\n\n<p><br>En el Gran Santo Domingo, el lugar de votaci\u00f3n es la sede del\u00a0Colegio Dominicano de Periodistas (CDP), ubicado en la Avenida George Washington, Centro de los H\u00e9roes<\/p>\n\n\n\n<p><strong>Plancha \u201cUnidad y trabajo\u201d:&nbsp;<\/strong>Yenny Polanco Lovera, presidenta; Salvador Batista, vicepresidente; Sarah Hern\u00e1ndez, secretaria general; Jos\u00e9 Alberto Selmo, director de Finanzas; Luis Jos\u00e9 Ch\u00e1vez, director de Relaciones Institucionales; Cristian Mota, director de Relaciones P\u00fablicas; Carmen Luz Beato, directora de Capacitaci\u00f3n, Jos\u00e9 Mar\u00eda Reyes, director de Asuntos Regionales; Milka Hern\u00e1ndez, directora de Cultura y Turismo; Yubelkys Mej\u00eda, directora de Eventos; y Juan de Dios Valent\u00edn, director de Mercadeo Institucional.<\/p>\n\n\n\n<p><strong>Comit\u00e9 de \u00c9tica.<\/strong>&nbsp;Tony Arias Gil, presidente; Yomarys G\u00f3mez, secretario; Wendy Mora, Amelia Reyes y Jos\u00e9 Ram\u00f3n Torres, miembros.&nbsp;<\/p>\n\n\n\n<p><strong>Reglamenta voto no presencial<\/strong><\/p>\n\n\n\n<p>La Comisi\u00f3n Nacional Electoral ha realizado un arduo y exhaustivo proceso que ha tenido como objetivo principal organizar los comicios con todo el rigor y las normativas establecidas en los Estatutos y el Reglamento Electoral de Adompretur.<\/p>\n\n\n\n<p>En ese sentido, Tejada G\u00f3mez inform\u00f3 que la CNE aprob\u00f3 que los miembros \u201cque por razones de salud o de viaje no estar\u00e1n el d\u00eda de las votaciones, podr\u00e1n ejercer el sufragio haciendo una solicitud a esta Comisi\u00f3n Nacional Electoral, 24 horas antes del inicio de las votaciones desde su correo personal con su n\u00famero de tel\u00e9fono personal. Su votaci\u00f3n tambi\u00e9n deber\u00e1 ser a trav\u00e9s de su correo personal\u201d.<\/p>\n\n\n\n<p>Destac\u00f3 que este sistema de voto no presencial podr\u00e1 ser aplicado por las comisiones electorales de todas las filiales. En el caso de las planchas\u00a0presentadas deber\u00e1n designar sus respectivos delegados ante la Comisi\u00f3n Nacional Electoral y a la Comisi\u00f3n Electoral de cada localidad; indicando el nombre, n\u00famero de c\u00e9dula y tel\u00e9fono personal.<\/p>\n\n\n\n<p>Fuente:  Prensa <strong><em>Adompretur<\/em><\/strong><\/p>\n","protected":false},"excerpt":{"rendered":"<p>diariodominicano.com Santo Domingo, R. D., 5 de agosto, 2021.- La Comisi\u00f3n Nacional Electoral de Adompretur llama a la membres\u00eda a ejercer el voto en las\u00a0elecciones que se llevar\u00e1n a cabo este viernes 6 de agosto, en horario de 8:00 de la ma\u00f1ana a 4:00 de la tarde, en la sede del Colegio Dominicano de Periodistas, [&hellip;]<\/p>\n","protected":false},"author":5,"featured_media":290855,"comment_status":"closed","ping_status":"","sticky":true,"template":"","format":"standard","meta":{"footnotes":""},"categories":[20,27],"tags":[],"class_list":["post-290854","post","type-post","status-publish","format-standard","has-post-thumbnail","hentry","category-dominicana-hoy","category-portada"],"_links":{"self":[{"href":"https:\/\/diariodominicano.com\/index.php?rest_route=\/wp\/v2\/posts\/290854","targetHints":{"allow":["GET"]}}],"collection":[{"href":"https:\/\/diariodominicano.com\/index.php?rest_route=\/wp\/v2\/posts"}],"about":[{"href":"https:\/\/diariodominicano.com\/index.php?rest_route=\/wp\/v2\/types\/post"}],"author":[{"embeddable":true,"href":"https:\/\/diariodominicano.com\/index.php?rest_route=\/wp\/v2\/users\/5"}],"replies":[{"embeddable":true,"href":"https:\/\/diariodominicano.com\/index.php?rest_route=%2Fwp%2Fv2%2Fcomments&post=290854"}],"version-history":[{"count":1,"href":"https:\/\/diariodominicano.com\/index.php?rest_route=\/wp\/v2\/posts\/290854\/revisions"}],"predecessor-version":[{"id":290856,"href":"https:\/\/diariodominicano.com\/index.php?rest_route=\/wp\/v2\/posts\/290854\/revisions\/290856"}],"wp:featuredmedia":[{"embeddable":true,"href":"https:\/\/diariodominicano.com\/index.php?rest_route=\/wp\/v2\/media\/290855"}],"wp:attachment":[{"href":"https:\/\/diariodominicano.com\/index.php?rest_route=%2Fwp%2Fv2%2Fmedia&parent=290854"}],"wp:term":[{"taxonomy":"category","embeddable":true,"href":"https:\/\/diariodominicano.com\/index.php?rest_route=%2Fwp%2Fv2%2Fcategories&post=290854"},{"taxonomy":"post_tag","embeddable":true,"href":"https:\/\/diariodominicano.com\/index.php?rest_route=%2Fwp%2Fv2%2Ftags&post=290854"}],"curies":[{"name":"wp","href":"https:\/\/api.w.org\/{rel}","templated":true}]}}