{"id":290850,"date":"2021-08-05T11:02:08","date_gmt":"2021-08-05T15:02:08","guid":{"rendered":"http:\/\/diariodominicano.com\/?p=290850"},"modified":"2021-08-05T11:02:08","modified_gmt":"2021-08-05T15:02:08","slug":"ochenta-y-cinco-medicos-reciben-primera-recertificacion-de-manos-del-presidente-abinader","status":"publish","type":"post","link":"https:\/\/diariodominicano.com\/?p=290850","title":{"rendered":"Ochenta y cinco m\u00e9dicos reciben primera recertificaci\u00f3n de manos del presidente Abinader"},"content":{"rendered":"\n<p>diariodominicano.com<\/p>\n\n\n\n<p>Santo Domingo, R. D.,  5 de agosto, 2021.-  Ochenta y cinco destacados m\u00e9dicos dominicanos recibieron su t\u00edtulo de recertificaci\u00f3n m\u00e9dica en el Palacio Nacional, primeros que se entregan desde que se estableci\u00f3 como un requisito para que los galenos puedan continuar ejerciendo la profesi\u00f3n acorde con la modernidad.<\/p>\n\n\n\n<p>La recertificaci\u00f3n es el reconocimiento, por parte de una instancia formal, de que el profesional cumple con los requerimientos acad\u00e9micos y los est\u00e1ndares de competencia establecidos para el ejercicio de la medicina general o de la especialidad m\u00e9dica, de acuerdo al portal del Ministerio de Salud P\u00fablica.<\/p>\n\n\n\n<p>Luis Abinader entreg\u00f3 sus t\u00edtulos de recertificaci\u00f3n a 10 m\u00e9dicos, de manera simb\u00f3lica. Ellos fueron Jos\u00e9 Joaqu\u00edn Puello, Severo Mercedes Acosta, T\u00e1mara Mour Guzm\u00e1n, Pedro Pablo D\u00edaz V\u00e1squez, Nancy Betances Garc\u00eda, Roberto Fern\u00e1ndez de Castro, Julio Manuel Rodr\u00edguez Grull\u00f3n, \u00c1ngel Caputo Antonio, Fernando Enrique Ariza Mendoza y Eliseo Rond\u00f3n S\u00e1nchez.<\/p>\n\n\n\n<p>El mandatario explic\u00f3 que la ley de colegiaci\u00f3n m\u00e9dica establece la recertificaci\u00f3n autom\u00e1tica a aquellos profesionales con una trayectoria p\u00fablica y de vida acad\u00e9mica reconocidas por haber acumulado m\u00e9ritos de por vida.<\/p>\n\n\n\n<p>\u201cComo Presidente de la Rep\u00fablica me siento muy honrado en anunciar al pa\u00eds en hoy que luego de casi 20 a\u00f1os de estancamiento y gracias al trabajo y a la buena disposici\u00f3n de este Consejo Nacional de Recertificaci\u00f3n M\u00e9dica (CONAREM), del Colegio M\u00e9dico, del Gabinete de Salud, del Ministerio de Educaci\u00f3n Superior, Ciencia y Tecnolog\u00eda, recuperamos la acci\u00f3n de ese organismo para cumplir con la recertificaci\u00f3n de los primeros 85 m\u00e9dicos\u201d, agreg\u00f3.<\/p>\n\n\n\n<p>Precis\u00f3 que en esta ocasi\u00f3n se trata de 53 maestros de la medicina y 31 representantes de las sociedades m\u00e9dicas especializadas del pa\u00eds.<\/p>\n\n\n\n<p>Garc\u00eda Ferm\u00edn sostuvo que con la recertificaci\u00f3n se aseguran los mecanismos de regulaci\u00f3n y garant\u00eda que impulsen la calidad, eficacia y eficiencia de los servicios de salud en el pa\u00eds.<\/p>\n\n\n\n<p>\u201cLa puesta en funcionamiento del Consejo Nacional de Recertificaci\u00f3n M\u00e9dica constituye una de las obras m\u00e1s trascendentes del Gobierno del Presidente Luis Abinader\u201d, adujo.<\/p>\n\n\n\n<p>Mientras que Puello Herrera habl\u00f3 en nombre de los galenos recertificados y valor\u00f3 la necesidad de seguir aplicando ese proceso, que es imprescindible en pa\u00edses desarrollados.<\/p>\n\n\n\n<p>\u201cComo dec\u00eda el doctor Pe\u00f1a G\u00f3mez, por fin se\u00f1or Presidente, cu\u00e1nto tiempo anhelando este momento, inaudito, pero un momento importante para la medicina dominicana\u201d, enfatiz\u00f3.<\/p>\n\n\n\n<p>El eminente galeno afirm\u00f3 que esto coloca al pa\u00eds en otro nivel acad\u00e9mico.<\/p>\n\n\n\n<p>Waldo Ariel Suero, presidente del Colegio M\u00e9dico Dominicano, calific\u00f3 la medida como un paso de avance para la academia, medida que era esperada desde hace m\u00e1s de 15 a\u00f1os.<\/p>\n\n\n\n<p>Afirm\u00f3 que con esta iniciativa se reconoce la labor que realizan los galenos docentes en los hospitales del pa\u00eds.<\/p>\n\n\n\n<div class=\"wp-block-image\"><figure class=\"alignright size-large is-resized\"><img decoding=\"async\" src=\"https:\/\/diariodominicano.com\/wp-content\/uploads\/2021\/08\/REcertificion5-8-21-1024x852.jpg\" alt=\"\" class=\"wp-image-290852\" width=\"-271\" height=\"-225\" srcset=\"https:\/\/diariodominicano.com\/wp-content\/uploads\/2021\/08\/REcertificion5-8-21-1024x852.jpg 1024w, https:\/\/diariodominicano.com\/wp-content\/uploads\/2021\/08\/REcertificion5-8-21-300x250.jpg 300w, https:\/\/diariodominicano.com\/wp-content\/uploads\/2021\/08\/REcertificion5-8-21-768x639.jpg 768w, https:\/\/diariodominicano.com\/wp-content\/uploads\/2021\/08\/REcertificion5-8-21-1536x1278.jpg 1536w, https:\/\/diariodominicano.com\/wp-content\/uploads\/2021\/08\/REcertificion5-8-21-2048x1704.jpg 2048w, https:\/\/diariodominicano.com\/wp-content\/uploads\/2021\/08\/REcertificion5-8-21-816x679.jpg 816w\" sizes=\"(max-width: 1024px) 100vw, 1024px\" \/><\/figure><\/div>\n\n\n\n<p>\u201cPasaron 15 a\u00f1os sin que este acto se hiciese, de conformidad con el art\u00edculo 29 del reglamento de recertificaci\u00f3n\u201d, adujo, tras afirmar que el presidente Luis Abinader se lleva el m\u00e9rito de haber efectuado el procedimiento.<\/p>\n\n\n\n<p>\u201cLos m\u00e9dicos hoy estamos de fiesta, hoy nos sentimos regocijados con haber aportado al pa\u00eds el inicio formal y la implementaci\u00f3n de la recertificaci\u00f3n m\u00e9dica, un paso de avance en la academia de la Rep\u00fablica Dominicana\u201d, enfatiz\u00f3.<\/p>\n\n\n\n<p>A pesar de que en el a\u00f1o 2005 se aprob\u00f3 en el pa\u00eds la ley de recertificaci\u00f3n m\u00e9dica, es la primera vez que se da cumplimiento a esta ordenanza.<\/p>\n\n\n\n<p>El presidente de CONAREM, doctor Justo Nicasio, destac\u00f3 el esfuerzo del MESCYT por el logro de la recertificaci\u00f3n, que por su trascendencia crea un antes y un despu\u00e9s en la educaci\u00f3n m\u00e9dica continua en el pa\u00eds.<\/p>\n\n\n\n<p>&nbsp;&nbsp;&nbsp;&nbsp;&nbsp;&nbsp;&nbsp;&nbsp;&nbsp;&nbsp;&nbsp;&nbsp;&nbsp;&nbsp;&nbsp;&nbsp;&nbsp;&nbsp;&nbsp;&nbsp;&nbsp;&nbsp;&nbsp;&nbsp;&nbsp;&nbsp;&nbsp;&nbsp;&nbsp;&nbsp;&nbsp;&nbsp;&nbsp;&nbsp;&nbsp;&nbsp;&nbsp;&nbsp;&nbsp;&nbsp;&nbsp;&nbsp;&nbsp;&nbsp;&nbsp;&nbsp;&nbsp;&nbsp;&nbsp;&nbsp;&nbsp;&nbsp;&nbsp;&nbsp;&nbsp;&nbsp;&nbsp;&nbsp;&nbsp;&nbsp;&nbsp;PIE DE FOTO:<\/p>\n\n\n\n<p>El presidente Luis Abinader entreg\u00f3 sus t\u00edtulos de recertificaci\u00f3n a 10 m\u00e9dicos, de manera simb\u00f3lica.<\/p>\n\n\n\n<p><\/p>\n\n\n\n<p>Fuente:  <strong>Juli\u00e1n Sosa<\/strong><\/p>\n","protected":false},"excerpt":{"rendered":"<p>diariodominicano.com Santo Domingo, R. D., 5 de agosto, 2021.- Ochenta y cinco destacados m\u00e9dicos dominicanos recibieron su t\u00edtulo de recertificaci\u00f3n m\u00e9dica en el Palacio Nacional, primeros que se entregan desde que se estableci\u00f3 como un requisito para que los galenos puedan continuar ejerciendo la profesi\u00f3n acorde con la modernidad. La recertificaci\u00f3n es el reconocimiento, por [&hellip;]<\/p>\n","protected":false},"author":5,"featured_media":290851,"comment_status":"closed","ping_status":"","sticky":true,"template":"","format":"standard","meta":{"footnotes":""},"categories":[20,27],"tags":[],"class_list":["post-290850","post","type-post","status-publish","format-standard","has-post-thumbnail","hentry","category-dominicana-hoy","category-portada"],"_links":{"self":[{"href":"https:\/\/diariodominicano.com\/index.php?rest_route=\/wp\/v2\/posts\/290850","targetHints":{"allow":["GET"]}}],"collection":[{"href":"https:\/\/diariodominicano.com\/index.php?rest_route=\/wp\/v2\/posts"}],"about":[{"href":"https:\/\/diariodominicano.com\/index.php?rest_route=\/wp\/v2\/types\/post"}],"author":[{"embeddable":true,"href":"https:\/\/diariodominicano.com\/index.php?rest_route=\/wp\/v2\/users\/5"}],"replies":[{"embeddable":true,"href":"https:\/\/diariodominicano.com\/index.php?rest_route=%2Fwp%2Fv2%2Fcomments&post=290850"}],"version-history":[{"count":1,"href":"https:\/\/diariodominicano.com\/index.php?rest_route=\/wp\/v2\/posts\/290850\/revisions"}],"predecessor-version":[{"id":290853,"href":"https:\/\/diariodominicano.com\/index.php?rest_route=\/wp\/v2\/posts\/290850\/revisions\/290853"}],"wp:featuredmedia":[{"embeddable":true,"href":"https:\/\/diariodominicano.com\/index.php?rest_route=\/wp\/v2\/media\/290851"}],"wp:attachment":[{"href":"https:\/\/diariodominicano.com\/index.php?rest_route=%2Fwp%2Fv2%2Fmedia&parent=290850"}],"wp:term":[{"taxonomy":"category","embeddable":true,"href":"https:\/\/diariodominicano.com\/index.php?rest_route=%2Fwp%2Fv2%2Fcategories&post=290850"},{"taxonomy":"post_tag","embeddable":true,"href":"https:\/\/diariodominicano.com\/index.php?rest_route=%2Fwp%2Fv2%2Ftags&post=290850"}],"curies":[{"name":"wp","href":"https:\/\/api.w.org\/{rel}","templated":true}]}}