{"id":290847,"date":"2021-08-05T10:53:56","date_gmt":"2021-08-05T14:53:56","guid":{"rendered":"http:\/\/diariodominicano.com\/?p=290847"},"modified":"2021-08-05T10:53:56","modified_gmt":"2021-08-05T14:53:56","slug":"nonagenario-cantante-tony-bennett-dira-adios-a-los-escenarios","status":"publish","type":"post","link":"https:\/\/diariodominicano.com\/?p=290847","title":{"rendered":"Nonagenario cantante Tony Bennett dir\u00e1 adi\u00f3s a los escenarios"},"content":{"rendered":"\n<p>diariodominicano.com<\/p>\n\n\n\n<p>Washington, 5 ago (Prensa Latina) El nonagenario cantante estadounidense Tony Bennett se despedir\u00e1 hoy de los escenarios con el concierto que ofrecer\u00e1 en el Radio City Music Hall de la ciudad de Nueva York.<br>Bennett compartir\u00e1 cr\u00e9ditos con la int\u00e9rprete Lady Gaga en una velada titulada One Last Time: An Evening With Tony Bennett and Lady Gaga, que la cr\u00edtica adelant\u00f3 como memorable.<\/p>\n\n\n\n<p>El cantante de 95 a\u00f1os da as\u00ed el adi\u00f3s definitivo a los espect\u00e1culos en vivo, al menos en Nueva York, tras una carrera cargada de reconocimientos que lo ubicaron como uno de los artistas m\u00e1s influyentes y seguidos del mundo.<\/p>\n\n\n\n<p>La presentaci\u00f3n de Bennett y Gaga en Radio City es la segunda y \u00faltima de este nuevo cap\u00edtulo de colaboraci\u00f3n entre ambos artistas, y como fue anunciado el p\u00fablico podr\u00e1 disfrutar de canciones cl\u00e1sicas populares del jazz.<\/p>\n\n\n\n<p>Los artistas lanzaron en 2014 el \u00e1lbum Cheek To Cheek, que les vali\u00f3 el premio Grammy al Mejor \u00c1lbum Vocal Pop Tradicional y en octubre pr\u00f3ximo publicar\u00e1n otro titulado Love for Sale.<\/p>\n\n\n\n<p>El p\u00fablico mayor de 16 a\u00f1os de edad deber\u00e1 presentar certificado de vacunaci\u00f3n contra la Covid-19, mientras que los menores deber\u00e1n mostrar un resultado negativo de prueba PCR y ser acompa\u00f1ados por un adulto inmunizado.<\/p>\n\n\n\n<p>rgh\/ypp<\/p>\n","protected":false},"excerpt":{"rendered":"<p>diariodominicano.com Washington, 5 ago (Prensa Latina) El nonagenario cantante estadounidense Tony Bennett se despedir\u00e1 hoy de los escenarios con el concierto que ofrecer\u00e1 en el Radio City Music Hall de la ciudad de Nueva York.Bennett compartir\u00e1 cr\u00e9ditos con la int\u00e9rprete Lady Gaga en una velada titulada One Last Time: An Evening With Tony Bennett and [&hellip;]<\/p>\n","protected":false},"author":5,"featured_media":290848,"comment_status":"closed","ping_status":"","sticky":true,"template":"","format":"standard","meta":{"footnotes":""},"categories":[25,27],"tags":[],"class_list":["post-290847","post","type-post","status-publish","format-standard","has-post-thumbnail","hentry","category-gente","category-portada"],"_links":{"self":[{"href":"https:\/\/diariodominicano.com\/index.php?rest_route=\/wp\/v2\/posts\/290847","targetHints":{"allow":["GET"]}}],"collection":[{"href":"https:\/\/diariodominicano.com\/index.php?rest_route=\/wp\/v2\/posts"}],"about":[{"href":"https:\/\/diariodominicano.com\/index.php?rest_route=\/wp\/v2\/types\/post"}],"author":[{"embeddable":true,"href":"https:\/\/diariodominicano.com\/index.php?rest_route=\/wp\/v2\/users\/5"}],"replies":[{"embeddable":true,"href":"https:\/\/diariodominicano.com\/index.php?rest_route=%2Fwp%2Fv2%2Fcomments&post=290847"}],"version-history":[{"count":1,"href":"https:\/\/diariodominicano.com\/index.php?rest_route=\/wp\/v2\/posts\/290847\/revisions"}],"predecessor-version":[{"id":290849,"href":"https:\/\/diariodominicano.com\/index.php?rest_route=\/wp\/v2\/posts\/290847\/revisions\/290849"}],"wp:featuredmedia":[{"embeddable":true,"href":"https:\/\/diariodominicano.com\/index.php?rest_route=\/wp\/v2\/media\/290848"}],"wp:attachment":[{"href":"https:\/\/diariodominicano.com\/index.php?rest_route=%2Fwp%2Fv2%2Fmedia&parent=290847"}],"wp:term":[{"taxonomy":"category","embeddable":true,"href":"https:\/\/diariodominicano.com\/index.php?rest_route=%2Fwp%2Fv2%2Fcategories&post=290847"},{"taxonomy":"post_tag","embeddable":true,"href":"https:\/\/diariodominicano.com\/index.php?rest_route=%2Fwp%2Fv2%2Ftags&post=290847"}],"curies":[{"name":"wp","href":"https:\/\/api.w.org\/{rel}","templated":true}]}}