{"id":290802,"date":"2021-08-05T03:20:29","date_gmt":"2021-08-05T07:20:29","guid":{"rendered":"http:\/\/diariodominicano.com\/?p=290802"},"modified":"2021-08-05T03:20:29","modified_gmt":"2021-08-05T07:20:29","slug":"fedoci-anuncia-selecciones-de-rd-para-campeonatos-panamericanos-y-del-caribe","status":"publish","type":"post","link":"https:\/\/diariodominicano.com\/?p=290802","title":{"rendered":"Fedoci anuncia selecciones de RD para Campeonatos Panamericanos y del Caribe"},"content":{"rendered":"\n<p>SANTO DOMINGO.- La Federaci\u00f3n Dominicana de Ciclismo (Fedoci), anunci\u00f3 este mi\u00e9rcoles los ciclistas dominicanos que participar\u00e1n en los Campeonatos Panamericanos y del Caribe, a celebrarse del 12 al 15 de agosto en el Mirador Sur.<\/p>\n\n\n\n<p>En el evento tomar\u00e1n parte 306 atletas de 36 pa\u00edses de Am\u00e9rica.<\/p>\n\n\n\n<p>La selecci\u00f3n femenina Sub-23, que va al clasificatorio para los Juegos Panamericanos Junior de Cali, tiene a las ciclistas Flor Espiritusanto, Karen Concepci\u00f3n y Ruth Santana.<\/p>\n\n\n\n<p>Mientras que en la categor\u00eda Elite van Brenda Mercedes, Stephany Contreras, Juan Fern\u00e1ndez, Gabriela Tejada, Mar\u00eda Teresa Mirabal. Los entrenadores son: Norlandy Tavera y Marlies Mej\u00edas.<\/p>\n\n\n\n<p>En la parte masculina, en la Sub-23 estar\u00e1n Steven Polanco, Frankel Rodr\u00edguez, Carlos Hern\u00e1ndez, Jes\u00fas Roniel Marte, Emilio G\u00f3mez, Ernando Luciano, Cristian S\u00e1nchez y Anthony Payamps \u2013suplente-. Fedoci anunci\u00f3 como entrenadores de esa categor\u00eda a Eladio N\u00fa\u00f1ez y Juan Eduardo P\u00e9rez.<\/p>\n\n\n\n<p>Tambi\u00e9n en la rama masculina, categor\u00eda Elite, competir\u00e1n Elin Garc\u00eda, Daniel Est\u00e9vez, Joel Garc\u00eda, Rafael Meran, Ram\u00f3n Adames, Rudy Germoso, Jhonatan Ogando, Francisco Mu\u00f1oz (hijo) y Augusto S\u00e1nchez.<\/p>\n\n\n\n<p>Los dos eventos son clasificatorios para los Juegos Panamericanos Junior, que ser\u00e1n celebrados en Cali, Colombia entre noviembre y diciembre del presente a\u00f1o, y los Centroamericanos y del Caribe de El Salvador 2023.<\/p>\n\n\n\n<p>El evento tiene como soporte a la OMSA, instituci\u00f3n que movilizar\u00e1 a los atletas y t\u00e9cnicos; los Comedores Econ\u00f3micos, que suplir\u00e1 la alimentaci\u00f3n; adem\u00e1s de la Alcald\u00eda del Distrito Nacional (ADN), en nombre de la alcaldesa Carolina Mej\u00eda. Los Ministerios de Salud y Deportes, y el Comit\u00e9 Ol\u00edmpico Dominicano.&nbsp;<\/p>\n\n\n\n<p><strong>36 pa\u00edses confirmados<\/strong><\/p>\n\n\n\n<p>Anguila, Antigua, Bahamas, Barbados, Belice, Bermuda, Bolivia, Brasil, Chile, Colombia, Costa Rica, Cuba, Curazao, Dominica, Ecuador, El Salvador, Gran Caim\u00e1n, Granada, Guatemala, Hait\u00ed, Honduras, Jamaica, M\u00e9xico, Nicaragua, Panam\u00e1, Paraguay, Per\u00fa, Puerto Rico, Rep\u00fablica Dominicana, San Mart\u00edn, San Vicente y las Granadinas, Trinidad y Tobago, Uruguay, Venezuela y Santa Luc\u00eda.<\/p>\n","protected":false},"excerpt":{"rendered":"<p>SANTO DOMINGO.- La Federaci\u00f3n Dominicana de Ciclismo (Fedoci), anunci\u00f3 este mi\u00e9rcoles los ciclistas dominicanos que participar\u00e1n en los Campeonatos Panamericanos y del Caribe, a celebrarse del 12 al 15 de agosto en el Mirador Sur. En el evento tomar\u00e1n parte 306 atletas de 36 pa\u00edses de Am\u00e9rica. La selecci\u00f3n femenina Sub-23, que va al clasificatorio [&hellip;]<\/p>\n","protected":false},"author":7,"featured_media":290819,"comment_status":"closed","ping_status":"","sticky":true,"template":"","format":"standard","meta":{"footnotes":""},"categories":[17,27],"tags":[],"class_list":["post-290802","post","type-post","status-publish","format-standard","has-post-thumbnail","hentry","category-deportes","category-portada"],"_links":{"self":[{"href":"https:\/\/diariodominicano.com\/index.php?rest_route=\/wp\/v2\/posts\/290802","targetHints":{"allow":["GET"]}}],"collection":[{"href":"https:\/\/diariodominicano.com\/index.php?rest_route=\/wp\/v2\/posts"}],"about":[{"href":"https:\/\/diariodominicano.com\/index.php?rest_route=\/wp\/v2\/types\/post"}],"author":[{"embeddable":true,"href":"https:\/\/diariodominicano.com\/index.php?rest_route=\/wp\/v2\/users\/7"}],"replies":[{"embeddable":true,"href":"https:\/\/diariodominicano.com\/index.php?rest_route=%2Fwp%2Fv2%2Fcomments&post=290802"}],"version-history":[{"count":1,"href":"https:\/\/diariodominicano.com\/index.php?rest_route=\/wp\/v2\/posts\/290802\/revisions"}],"predecessor-version":[{"id":290825,"href":"https:\/\/diariodominicano.com\/index.php?rest_route=\/wp\/v2\/posts\/290802\/revisions\/290825"}],"wp:featuredmedia":[{"embeddable":true,"href":"https:\/\/diariodominicano.com\/index.php?rest_route=\/wp\/v2\/media\/290819"}],"wp:attachment":[{"href":"https:\/\/diariodominicano.com\/index.php?rest_route=%2Fwp%2Fv2%2Fmedia&parent=290802"}],"wp:term":[{"taxonomy":"category","embeddable":true,"href":"https:\/\/diariodominicano.com\/index.php?rest_route=%2Fwp%2Fv2%2Fcategories&post=290802"},{"taxonomy":"post_tag","embeddable":true,"href":"https:\/\/diariodominicano.com\/index.php?rest_route=%2Fwp%2Fv2%2Ftags&post=290802"}],"curies":[{"name":"wp","href":"https:\/\/api.w.org\/{rel}","templated":true}]}}