{"id":290774,"date":"2021-08-05T00:32:29","date_gmt":"2021-08-05T04:32:29","guid":{"rendered":"http:\/\/diariodominicano.com\/?p=290774"},"modified":"2021-08-05T02:02:48","modified_gmt":"2021-08-05T06:02:48","slug":"prolactarrd-premia-medicos-e-instituciones-que-ayudan-a-las-familias-a-lograr-lactancias-exitosas","status":"publish","type":"post","link":"https:\/\/diariodominicano.com\/?p=290774","title":{"rendered":"ProlactarRD premia m\u00e9dicos e instituciones que ayudan a las familias a lograr lactancias exitosas"},"content":{"rendered":"\n<p><strong><em>Con Galardones ProlactarRD por primera vez en el pa\u00eds se exalta la labor del personal de salud e instituciones que orientan y facilitan la lactancia materna<\/em> <\/strong><\/p>\n\n\n\n<p><strong>SANTO DOMINGO<\/strong>, <em>4 de agosto 2021.<\/em>&#8211; M\u00e9dicos e instituciones que fomentan la lactancia materna fueron reconocidos este mi\u00e9rcoles en la primera edici\u00f3n de los Galardones ProlactarRD, organizados por la fundaci\u00f3n ProlactarRD con el apoyo del Instituto Tecnol\u00f3gico de Santo Domingo (INTEC), el Servicio Nacional de Salud (SNS), el Colegio M\u00e9dico Dominicano (CMD) y la Sociedad Dominicana de Medicina Perinatal (Sodomep).<\/p>\n\n\n\n<p>La presidenta de ProlactarRD, Aurelina Est\u00e9vez Abreu, destac\u00f3 que esa organizaci\u00f3n se motiv\u00f3 a crear el galard\u00f3n para reconocer a los m\u00e9dicos que se han educado en el tema y hacen la diferencia apoyando la lactancia desde el consultorio y el quir\u00f3fano; al igual que a las instituciones y empresas que tienen pol\u00edticas amigables a esa pr\u00e1ctica natural y salas de lactancia.&nbsp;<\/p>\n\n\n\n<p>\u201cTenemos grandes retos, debemos brindar un acompa\u00f1amiento cercano a la mujer reci\u00e9n parida, para que podamos ayudarla con el agarre inmediato y a colocar a su beb\u00e9, debemos seguir educando desde el embarazo y durante todo el proceso de la lactancia materna, fortaleciendo las redes de apoyo\u201d, sostuvo durante la actividad realizada en el Observatorio de la Seguridad Social de INTEC, a prop\u00f3sito de la Semana Mundial de la Lactancia.<\/p>\n\n\n\n<p>Mientras que el ministro de Salud P\u00fablica, doctor Daniel Rivera, lament\u00f3 que se perdieran pr\u00e1cticas que en su generaci\u00f3n eran comunes como que el beb\u00e9 naciera principalmente mediante parto natural y que fuera puesto en el pecho de la madre inmediatamente tras el parto. Destac\u00f3 que esas acciones establecen el v\u00ednculo y fortalecen el sistema inmune de la criatura.&nbsp;<\/p>\n\n\n\n<p>\u201cQueremos que regresen a esa forma natural de vivir. Agradezco esta iniciativa de ProlactarRD. El Ministerio de Salud P\u00fablica quiere cooperar en todo lo que se pueda y en todos los escenarios, indic\u00f3 Rivera.<\/p>\n\n\n\n<p><strong>Galardonados<\/strong><\/p>\n\n\n\n<p>En la categor\u00eda Personal M\u00e9dico Prolactancia recibieron estatuillas los pediatras Mayra Molina,&nbsp; Jhanivel Peralta Garc\u00eda y Luis Airam Lora, del Distrito Nacional; Gloria Castillo, de Santiago; Cornelia Morla, de La Romana; y Sara Tolentino, de Peravia. Tambi\u00e9n fue galardonada la ginecobstetra Sonibel Santana, de La Vega.<\/p>\n\n\n\n<p>Mientras que como Mejor Divulgador\/a Prolactancia en Redes Sociales el jurado seleccion\u00f3 al doctor Juan Fuertes Piantini, y como Instituci\u00f3n\/Organizaci\u00f3n Amigable con la Lactancia Materna se llevaron la nueva presea la Procuradur\u00eda General de la Rep\u00fablica y la empresa Hanes Brands, Dos R\u00edos Textiles.<\/p>\n\n\n\n<p>PorolactarRD tambi\u00e9n distingui\u00f3 con menciones de honor a los doctores Paola Pe\u00f1a, Elisabeth Rodr\u00edguez, Ana Uribe Japa y Jeanny Ram\u00edrez; al igual que a la empresa Fresenius Kabi.<\/p>\n\n\n\n<p>Los facultativos y las instituciones fueron nominados por familias que recibieron de ellos orientaci\u00f3n y apoyo para lograr establecer y mantener lactancia materna, y as\u00ed superar dificultades que pueden presentarse en ese proceso.&nbsp;<\/p>\n\n\n\n<p>Las familias enviaron a ProlactarRD sus videos testimoniales o una foto con un testimonio escrito, lo cual fue evaluado por el jurado compuesto por los doctores Mario Castro Luna, Pablo C\u00e9sar Smester, Ang\u00e9lica Flor\u00e9n, Delia Kiem D\u00edaz, y por la comunicadora Eileen Glass, fundadora de Madres Reales RD.<\/p>\n\n\n\n<p>Junto a Est\u00e9vez y Rivera encabezaron el acto la viceministra de la Mujer, Doris Javier Saint-Hilaire; la vicerrectora de Administraci\u00f3n y Finanzas de Intec, Alliet Ortega; el presidente de la Sociedad Dominicana de Ginecolog\u00eda, doctor C\u00e9sar L\u00f3pez; Francisco Manuel Thevenin Santana, presidente de la Sociedad Dominicana de Medicina Perinatal; Ana Amalia Rivera, gerente de Imagen del Banco Popular; y el doctor Santiago Mart\u00ednez, director del Banco de Leche Doctora Josefina Co\u00e9n.<\/p>\n\n\n\n<p><strong>Semana Mundial Lactancia Materna<\/strong><\/p>\n\n\n\n<p>La premiaci\u00f3n es parte de las actividades de ProlactarRD con motivo a la celebraci\u00f3n de la Semana Mundial de la Lactancia Materna 2021 que concluye este s\u00e1bado con un Seminario Internacional tambi\u00e9n en INTEC, con la participaci\u00f3n de autoridades internacionales en el tema, como los doctores Carlos Gonz\u00e1lez, presidente de la Asociaci\u00f3n Catalana Pro Lactancia Materna; Claudia S\u00e1nchez, directora de CELACMA y Red Mundial de Lactancia Materna; y del pa\u00eds la pediatra Mayra Molina, quien tambi\u00e9n es IBCLC de lactancia materna.&nbsp;<\/p>\n\n\n\n<p>La presidenta de ProlactarRD destac\u00f3 que en este a\u00f1o como el lema de la Semana Mundial de la Lactancia Materna es \u201cProteger la Lactancia Materna: Una Responsabilidad Compartida\u201d, las actividades principales de la instituci\u00f3n se centran en educar y reconocer al sector salud, sabiendo que son un soporte esencial en todo el proceso de lactancia.&nbsp;<\/p>\n\n\n\n<p>En la actividad ProlactarRD hizo un homenaje p\u00f3stumo al doctor C\u00e9sar Ariel Rodr\u00edguez, quien estaba muy comprometido con la causa de la lactancia materna y la importancia de la creaci\u00f3n de salas de lactancia en los centros de salud. Por sus esfuerzos se instal\u00f3 una sala de lactancia en la Cl\u00ednica Uni\u00f3n M\u00e9dica, de Santiago, lo que repercute en la salud de decenas de ni\u00f1os.<\/p>\n\n\n\n<p><strong>Nominados<\/strong><\/p>\n\n\n\n<p>Para elegir a los ganadores el jurado evalu\u00f3 unas 100 nominaciones, tomando en cuenta el impacto de los testimonios, la complejidad m\u00e9dica del caso, grado de participaci\u00f3n, influencia y acompa\u00f1amiento en el proceso de la lactancia materna.<\/p>\n\n\n\n<p>De las instituciones revisaron sus pol\u00edticas amigables en favor de la lactancia materna, el nivel de apoyo a la madre, el&nbsp; cumplimiento de la normativa legal que protege la lactancia materna, entre otros.<\/p>\n\n\n\n<p>En tanto que el divulgador en redes sociales fue escogido por el jurado por el gran impacto que crea a trav\u00e9s de un parto respetado y la selecci\u00f3n de un equipo perinatal en favor de la lactancia materna, el apego oportuno y las buenas pr\u00e1cticas que dan inicio a una lactancia exitosa.<\/p>\n\n\n\n<p><strong>Estatuillas<\/strong><\/p>\n\n\n\n<p>Las estatuillas del galard\u00f3n fueron forjadas por miembros de la Asociaci\u00f3n de Artesanos de Madera Petrificada de Imbert INC. Su exclusivo dise\u00f1o simboliza la conexi\u00f3n entre mam\u00e1 y beb\u00e9 entre las manos de la sociedad que los protege <\/p>\n\n\n\n<figure class=\"wp-block-embed is-type-video is-provider-youtube wp-block-embed-youtube wp-embed-aspect-16-9 wp-has-aspect-ratio\"><div class=\"wp-block-embed__wrapper\">\nhttps:\/\/youtu.be\/XI_iQ4eN16c\n<\/div><\/figure>\n\n\n\n<p><\/p>\n","protected":false},"excerpt":{"rendered":"<p>Con Galardones ProlactarRD por primera vez en el pa\u00eds se exalta la labor del personal de salud e instituciones que orientan y facilitan la lactancia materna SANTO DOMINGO, 4 de agosto 2021.&#8211; M\u00e9dicos e instituciones que fomentan la lactancia materna fueron reconocidos este mi\u00e9rcoles en la primera edici\u00f3n de los Galardones ProlactarRD, organizados por la [&hellip;]<\/p>\n","protected":false},"author":7,"featured_media":290797,"comment_status":"closed","ping_status":"","sticky":true,"template":"","format":"standard","meta":{"footnotes":""},"categories":[25,27],"tags":[],"class_list":["post-290774","post","type-post","status-publish","format-standard","has-post-thumbnail","hentry","category-gente","category-portada"],"_links":{"self":[{"href":"https:\/\/diariodominicano.com\/index.php?rest_route=\/wp\/v2\/posts\/290774","targetHints":{"allow":["GET"]}}],"collection":[{"href":"https:\/\/diariodominicano.com\/index.php?rest_route=\/wp\/v2\/posts"}],"about":[{"href":"https:\/\/diariodominicano.com\/index.php?rest_route=\/wp\/v2\/types\/post"}],"author":[{"embeddable":true,"href":"https:\/\/diariodominicano.com\/index.php?rest_route=\/wp\/v2\/users\/7"}],"replies":[{"embeddable":true,"href":"https:\/\/diariodominicano.com\/index.php?rest_route=%2Fwp%2Fv2%2Fcomments&post=290774"}],"version-history":[{"count":3,"href":"https:\/\/diariodominicano.com\/index.php?rest_route=\/wp\/v2\/posts\/290774\/revisions"}],"predecessor-version":[{"id":290799,"href":"https:\/\/diariodominicano.com\/index.php?rest_route=\/wp\/v2\/posts\/290774\/revisions\/290799"}],"wp:featuredmedia":[{"embeddable":true,"href":"https:\/\/diariodominicano.com\/index.php?rest_route=\/wp\/v2\/media\/290797"}],"wp:attachment":[{"href":"https:\/\/diariodominicano.com\/index.php?rest_route=%2Fwp%2Fv2%2Fmedia&parent=290774"}],"wp:term":[{"taxonomy":"category","embeddable":true,"href":"https:\/\/diariodominicano.com\/index.php?rest_route=%2Fwp%2Fv2%2Fcategories&post=290774"},{"taxonomy":"post_tag","embeddable":true,"href":"https:\/\/diariodominicano.com\/index.php?rest_route=%2Fwp%2Fv2%2Ftags&post=290774"}],"curies":[{"name":"wp","href":"https:\/\/api.w.org\/{rel}","templated":true}]}}