{"id":290724,"date":"2021-08-04T16:52:41","date_gmt":"2021-08-04T20:52:41","guid":{"rendered":"http:\/\/diariodominicano.com\/?p=290724"},"modified":"2021-08-04T16:52:41","modified_gmt":"2021-08-04T20:52:41","slug":"culmina-con-exito-la-participacion-de-la-republica-dominicana-en-el-marche-du-film-online","status":"publish","type":"post","link":"https:\/\/diariodominicano.com\/?p=290724","title":{"rendered":"Culmina con \u00e9xito la participaci\u00f3n de la Rep\u00fablica Dominicana en el March\u00e9 du Film Online"},"content":{"rendered":"\n<p>Santo Domingo, R. D.,  4 de agosto, 2021.- El pa\u00eds particip\u00f3\u00a0por d\u00e9cima ocasi\u00f3n, esta vez de manera virtual, en el March\u00e9 du Film del Festival de Cannes celebrado del 6 al 15 de julio. A trav\u00e9s de la Direcci\u00f3n General de Cine (DGCINE), los eventos organizados en el marco de este festival lograron m\u00e1s de 2 mil reproducciones y, seg\u00fan datos remitidos por los organizadores del Festival, el pabell\u00f3n dominicano ocup\u00f3 el cuarto lugar en visitas, entre 51 instituciones participantes.<\/p>\n\n\n\n<p>En esta entrega, el pabell\u00f3n promovi\u00f3 el pa\u00eds como destino f\u00edlmico, apoy\u00f3 a 27 proyectos cinematogr\u00e1ficos dominicanos en la ruta de posible colocaci\u00f3n con agentes de ventas, distribuidores, inversionistas y productores acreditados en el March\u00e9 y dieron a conocer las oportunidades de coproducci\u00f3n existentes con la Rep\u00fablica Dominicana.&nbsp;<\/p>\n\n\n\n<p>\u201cEl March\u00e9 du Film del Festival de Cannes es un mercado audiovisual de suma relevancia para la industria cinematogr\u00e1fica mundial, porque convergen profesionales claves que ayudan a impulsar cientos de proyectos que all\u00ed se exponen. En los pr\u00f3ximos meses veremos los resultados de los esfuerzos de la colocaci\u00f3n de los proyectos dominicanos en mercados internacionales, que entendemos ser\u00e1n positivos para la industria. March\u00e9, \u00a1nos vemos el pr\u00f3ximo a\u00f1o!\u201d, destac\u00f3 Marianna Vargas Gurilieva, directora general de la DGCINE.<\/p>\n\n\n\n<p>Entre los eventos llevados a cabo en el mercado figuran: Shooting in Latin America, Dominican Pitching Sessions, Why has the DR become one of the top film destinations in the region? y Coproducing with Dominican Republic.<\/p>\n\n\n\n<p>Estas actividades tuvieron alcance en 29 pa\u00edses, tales como: Argentina, Alemania, Australia, Austria, Bangladesh, Brasil, Canad\u00e1, China, Colombia, Costa Rica, Estados Unidos, Espa\u00f1a, Francia, Filipinas, Holanda, India, Ir\u00e1n, M\u00e9xico, Namibia, Macedonia del Norte, Panam\u00e1, Per\u00fa, Reino Unido, Rusia, Sud\u00e1frica, Taiw\u00e1n, Tailandia, Turqu\u00eda y Uruguay.<\/p>\n\n\n\n<p>Fuente:  Direcci\u00f3n de Prensa<\/p>\n\n\n\n<p>Presidencia de la Rep\u00fablica Dominicana<\/p>\n","protected":false},"excerpt":{"rendered":"<p>Santo Domingo, R. D., 4 de agosto, 2021.- El pa\u00eds particip\u00f3\u00a0por d\u00e9cima ocasi\u00f3n, esta vez de manera virtual, en el March\u00e9 du Film del Festival de Cannes celebrado del 6 al 15 de julio. A trav\u00e9s de la Direcci\u00f3n General de Cine (DGCINE), los eventos organizados en el marco de este festival lograron m\u00e1s de [&hellip;]<\/p>\n","protected":false},"author":5,"featured_media":290725,"comment_status":"closed","ping_status":"","sticky":true,"template":"","format":"standard","meta":{"footnotes":""},"categories":[20,27],"tags":[],"class_list":["post-290724","post","type-post","status-publish","format-standard","has-post-thumbnail","hentry","category-dominicana-hoy","category-portada"],"_links":{"self":[{"href":"https:\/\/diariodominicano.com\/index.php?rest_route=\/wp\/v2\/posts\/290724","targetHints":{"allow":["GET"]}}],"collection":[{"href":"https:\/\/diariodominicano.com\/index.php?rest_route=\/wp\/v2\/posts"}],"about":[{"href":"https:\/\/diariodominicano.com\/index.php?rest_route=\/wp\/v2\/types\/post"}],"author":[{"embeddable":true,"href":"https:\/\/diariodominicano.com\/index.php?rest_route=\/wp\/v2\/users\/5"}],"replies":[{"embeddable":true,"href":"https:\/\/diariodominicano.com\/index.php?rest_route=%2Fwp%2Fv2%2Fcomments&post=290724"}],"version-history":[{"count":1,"href":"https:\/\/diariodominicano.com\/index.php?rest_route=\/wp\/v2\/posts\/290724\/revisions"}],"predecessor-version":[{"id":290726,"href":"https:\/\/diariodominicano.com\/index.php?rest_route=\/wp\/v2\/posts\/290724\/revisions\/290726"}],"wp:featuredmedia":[{"embeddable":true,"href":"https:\/\/diariodominicano.com\/index.php?rest_route=\/wp\/v2\/media\/290725"}],"wp:attachment":[{"href":"https:\/\/diariodominicano.com\/index.php?rest_route=%2Fwp%2Fv2%2Fmedia&parent=290724"}],"wp:term":[{"taxonomy":"category","embeddable":true,"href":"https:\/\/diariodominicano.com\/index.php?rest_route=%2Fwp%2Fv2%2Fcategories&post=290724"},{"taxonomy":"post_tag","embeddable":true,"href":"https:\/\/diariodominicano.com\/index.php?rest_route=%2Fwp%2Fv2%2Ftags&post=290724"}],"curies":[{"name":"wp","href":"https:\/\/api.w.org\/{rel}","templated":true}]}}