{"id":290709,"date":"2021-08-04T16:02:24","date_gmt":"2021-08-04T20:02:24","guid":{"rendered":"http:\/\/diariodominicano.com\/?p=290709"},"modified":"2021-08-04T16:02:24","modified_gmt":"2021-08-04T20:02:24","slug":"colision-de-trenes-deja-tres-muertos-en-republica-checa","status":"publish","type":"post","link":"https:\/\/diariodominicano.com\/?p=290709","title":{"rendered":"Colisi\u00f3n de trenes deja tres muertos en Rep\u00fablica Checa"},"content":{"rendered":"\n<p>diariodominicano.com<a rel=\"noreferrer noopener\" href=\"http:\/\/home.xinhua-news.com\/gdsdetailxhs\/share\/9785649-?pageflag=iframe\" target=\"_blank\"><\/a><\/p>\n\n\n\n<pre id=\"text-news-description\" class=\"wp-block-preformatted\">   PRAGA, 4 ago (Xinhua) -- Dos trenes chocaron en el suroeste de la Rep\u00fablica Checa hoy mi\u00e9rcoles, lo que dej\u00f3 al menos tres muertos y decenas de heridos, entre ellos varios en estado cr\u00edtico, inform\u00f3 la prensa local.\n   Dos de los muertos son los conductores de los trenes. De entre los heridos, cinco se encuentran en estado muy grave y cuatro en estado grave, dijo una vocera de los servicios regionales de emergencia citada por la Agencia de Noticias Checa (CTK).\n   El accidente ocurri\u00f3 cerca del pueblo de Milavce poco despu\u00e9s de las 08:00 hora local (06:00 GMT) cuando un tren Western Express procedente de M\u00fanich, Alemania, choc\u00f3 con un tren de pasajeros regional.\n   Por motivos que a\u00fan se desconocen, el tren r\u00e1pido ignor\u00f3 la se\u00f1al de \"alto\" en el desv\u00edo y se encamin\u00f3 hacia la v\u00eda de un solo carril, por lo que choc\u00f3 con el tren de pasajeros.\n   Las autoridades de inspecci\u00f3n ferroviaria est\u00e1n investigando las causas exactas, seg\u00fan informes de la televisi\u00f3n checa. A\u00fan no se sabe si fue culpa del conductor, un error del despachador o una falla t\u00e9cnica.\n   El tren r\u00e1pido alem\u00e1n pertenece a la empresa transportista privada Die Landerbahn. En un comunicado de prensa, el transportista dijo que es responsable de la operaci\u00f3n de los trenes \u00fanicamente en territorio alem\u00e1n y que el tramo en donde ocurri\u00f3 el accidente se encuentra a cargo de Ferrocarriles Checos.\n   El tr\u00e1fico en la l\u00ednea en donde chocaron los trenes es controlado de forma remota por un despachador. La v\u00eda est\u00e1 equipada con se\u00f1ales y un dispositivo de seguridad, inform\u00f3 la televisi\u00f3n checa. El sistema ETCS, el m\u00e1ximo dispositivo de se\u00f1alizaci\u00f3n en las l\u00edneas nacionales en Rep\u00fablica Checa que pudo haber detenido de forma autom\u00e1tica el tren a distancia, no estaba instalado en esa l\u00ednea.\n   Asegurar las l\u00edneas nacionales ha sido un tema discutido durante mucho tiempo en Rep\u00fablica Checa. De acuerdo con el Ministerio de Transporte, el Estado desea invertir m\u00e1s de 100.000 millones de coronas (4.600 millones de d\u00f3lares) en los pr\u00f3ximos 20 a\u00f1os para asegurar a\u00fan m\u00e1s las l\u00edneas y la mayor\u00eda del dinero debe destinarse a la instalaci\u00f3n del sistema. <\/pre>\n","protected":false},"excerpt":{"rendered":"<p>diariodominicano.com PRAGA, 4 ago (Xinhua) &#8212; Dos trenes chocaron en el suroeste de la Rep\u00fablica Checa hoy mi\u00e9rcoles, lo que dej\u00f3 al menos tres muertos y decenas de heridos, entre ellos varios en estado cr\u00edtico, inform\u00f3 la prensa local. Dos de los muertos son los conductores de los trenes. De entre los heridos, cinco se [&hellip;]<\/p>\n","protected":false},"author":5,"featured_media":290710,"comment_status":"closed","ping_status":"","sticky":true,"template":"","format":"standard","meta":{"footnotes":""},"categories":[23,27],"tags":[],"class_list":["post-290709","post","type-post","status-publish","format-standard","has-post-thumbnail","hentry","category-internacional","category-portada"],"_links":{"self":[{"href":"https:\/\/diariodominicano.com\/index.php?rest_route=\/wp\/v2\/posts\/290709","targetHints":{"allow":["GET"]}}],"collection":[{"href":"https:\/\/diariodominicano.com\/index.php?rest_route=\/wp\/v2\/posts"}],"about":[{"href":"https:\/\/diariodominicano.com\/index.php?rest_route=\/wp\/v2\/types\/post"}],"author":[{"embeddable":true,"href":"https:\/\/diariodominicano.com\/index.php?rest_route=\/wp\/v2\/users\/5"}],"replies":[{"embeddable":true,"href":"https:\/\/diariodominicano.com\/index.php?rest_route=%2Fwp%2Fv2%2Fcomments&post=290709"}],"version-history":[{"count":1,"href":"https:\/\/diariodominicano.com\/index.php?rest_route=\/wp\/v2\/posts\/290709\/revisions"}],"predecessor-version":[{"id":290711,"href":"https:\/\/diariodominicano.com\/index.php?rest_route=\/wp\/v2\/posts\/290709\/revisions\/290711"}],"wp:featuredmedia":[{"embeddable":true,"href":"https:\/\/diariodominicano.com\/index.php?rest_route=\/wp\/v2\/media\/290710"}],"wp:attachment":[{"href":"https:\/\/diariodominicano.com\/index.php?rest_route=%2Fwp%2Fv2%2Fmedia&parent=290709"}],"wp:term":[{"taxonomy":"category","embeddable":true,"href":"https:\/\/diariodominicano.com\/index.php?rest_route=%2Fwp%2Fv2%2Fcategories&post=290709"},{"taxonomy":"post_tag","embeddable":true,"href":"https:\/\/diariodominicano.com\/index.php?rest_route=%2Fwp%2Fv2%2Ftags&post=290709"}],"curies":[{"name":"wp","href":"https:\/\/api.w.org\/{rel}","templated":true}]}}