{"id":290706,"date":"2021-08-04T15:53:02","date_gmt":"2021-08-04T19:53:02","guid":{"rendered":"http:\/\/diariodominicano.com\/?p=290706"},"modified":"2021-08-04T15:53:02","modified_gmt":"2021-08-04T19:53:02","slug":"adn-anuncia-actos-para-conmemorar-el-523-aniversario-de-la-ciudad","status":"publish","type":"post","link":"https:\/\/diariodominicano.com\/?p=290706","title":{"rendered":"ADN anuncia actos para conmemorar el 523 aniversario de la ciudad"},"content":{"rendered":"\n<p><br>Inaugura mercado en el Parque Col\u00f3n hasta el domingo con actividades para la familia\u00a0<\/p>\n\n\n\n<p><br>Santo Domingo\u00a0, R. D., 4 de agosto, 2021.-  Con motivo del 523 aniversario de fundaci\u00f3n de la ciudad de Santo Domingo la Alcald\u00eda del Distrito Nacional (ADN) anuncia el programa de actos protocolares y actividades que estar\u00e1 realizando, entre estas la inauguraci\u00f3n de un mercado con comerciantes locales. <\/p>\n\n\n\n<p><br>Este jueves 5 de agosto la primada de Am\u00e9rica se viste de fiesta y celebra su aniversario 523 y la instituci\u00f3n realizar\u00e1 en el Parque Col\u00f3n a primera hora de la ma\u00f1ana, a las 8:00, un acto de izamiento de la Bandera Nacional y la Bandera de la Ciudad, acompa\u00f1ado de la interpretaci\u00f3n de sendos himnos por parte de la banda del Cuerpo de Bomberos del Distrito Nacional. A continuaci\u00f3n, un heraldo de la colonia dar\u00e1 lectura a la proclama correspondiente a la celebraci\u00f3n.\u00a0<br><\/p>\n\n\n\n<p>La agenda de actividades, las cuales estar\u00e1n encabezadas por la alcaldesa Carolina Mej\u00eda, contin\u00faa a las 9:00 de la ma\u00f1ana en la Catedral Primada de Am\u00e9rica donde se oficiar\u00e1 una misa.\u00a0<\/p>\n\n\n\n<p><br>Con el prop\u00f3sito de esta celebraci\u00f3n y para motivar el comercio local, la alcald\u00eda estar\u00e1 inaugurando a las 4:30 de la tarde un mercado de exposici\u00f3n y venta de artesan\u00edas en la Plaza Col\u00f3n, que incluir\u00e1 una serie de presentaciones y actividades culturales para el disfrute de todos los visitantes, como lectura de poes\u00eda por poetas y escritores dominicanos, talleres y actividades infantiles.\u00a0<\/p>\n\n\n\n<p><br>Este mercado estar\u00e1 abierto hasta este domingo 8 de agosto.\u00a0<\/p>\n\n\n\n<figure class=\"wp-block-table\"><table><tbody><tr><td>Fuente:  <strong>Comunicaciones ADN<\/strong><\/td><\/tr><\/tbody><\/table><\/figure>\n\n\n\n<p><strong>Direcci\u00f3n de Comunicaciones ADN4 de agosto, 2021<\/strong><\/p>\n","protected":false},"excerpt":{"rendered":"<p>Inaugura mercado en el Parque Col\u00f3n hasta el domingo con actividades para la familia\u00a0 Santo Domingo\u00a0, R. D., 4 de agosto, 2021.- Con motivo del 523 aniversario de fundaci\u00f3n de la ciudad de Santo Domingo la Alcald\u00eda del Distrito Nacional (ADN) anuncia el programa de actos protocolares y actividades que estar\u00e1 realizando, entre estas la [&hellip;]<\/p>\n","protected":false},"author":5,"featured_media":290707,"comment_status":"closed","ping_status":"","sticky":true,"template":"","format":"standard","meta":{"footnotes":""},"categories":[20,27],"tags":[],"class_list":["post-290706","post","type-post","status-publish","format-standard","has-post-thumbnail","hentry","category-dominicana-hoy","category-portada"],"_links":{"self":[{"href":"https:\/\/diariodominicano.com\/index.php?rest_route=\/wp\/v2\/posts\/290706","targetHints":{"allow":["GET"]}}],"collection":[{"href":"https:\/\/diariodominicano.com\/index.php?rest_route=\/wp\/v2\/posts"}],"about":[{"href":"https:\/\/diariodominicano.com\/index.php?rest_route=\/wp\/v2\/types\/post"}],"author":[{"embeddable":true,"href":"https:\/\/diariodominicano.com\/index.php?rest_route=\/wp\/v2\/users\/5"}],"replies":[{"embeddable":true,"href":"https:\/\/diariodominicano.com\/index.php?rest_route=%2Fwp%2Fv2%2Fcomments&post=290706"}],"version-history":[{"count":1,"href":"https:\/\/diariodominicano.com\/index.php?rest_route=\/wp\/v2\/posts\/290706\/revisions"}],"predecessor-version":[{"id":290708,"href":"https:\/\/diariodominicano.com\/index.php?rest_route=\/wp\/v2\/posts\/290706\/revisions\/290708"}],"wp:featuredmedia":[{"embeddable":true,"href":"https:\/\/diariodominicano.com\/index.php?rest_route=\/wp\/v2\/media\/290707"}],"wp:attachment":[{"href":"https:\/\/diariodominicano.com\/index.php?rest_route=%2Fwp%2Fv2%2Fmedia&parent=290706"}],"wp:term":[{"taxonomy":"category","embeddable":true,"href":"https:\/\/diariodominicano.com\/index.php?rest_route=%2Fwp%2Fv2%2Fcategories&post=290706"},{"taxonomy":"post_tag","embeddable":true,"href":"https:\/\/diariodominicano.com\/index.php?rest_route=%2Fwp%2Fv2%2Ftags&post=290706"}],"curies":[{"name":"wp","href":"https:\/\/api.w.org\/{rel}","templated":true}]}}