{"id":290700,"date":"2021-08-04T15:27:15","date_gmt":"2021-08-04T19:27:15","guid":{"rendered":"http:\/\/diariodominicano.com\/?p=290700"},"modified":"2021-08-04T15:27:15","modified_gmt":"2021-08-04T19:27:15","slug":"pais-cuenta-con-16-millones-de-vacunas-pero-las-medidas-preventivas-deben-cumplirse-igual-para-seguir-bajando-indicadores-de-covid-19","status":"publish","type":"post","link":"https:\/\/diariodominicano.com\/?p=290700","title":{"rendered":"Pa\u00eds cuenta con 16 millones de vacunas, pero las medidas preventivas deben cumplirse igual para seguir bajando indicadores de COVID-19"},"content":{"rendered":"\n<p>diariodominicano.com<\/p>\n\n\n\n<p>Ministro llama a sector transporte a evitar aglomeraci\u00f3n, pr\u00f3xima semana habr\u00e1 jornada nacional de toma de muestra<\/p>\n\n\n\n<p>Santo Domingo, R. D., 4 de agosto, 2021.-  Este mi\u00e9rcoles, el ministro de Salud P\u00fablica, doctor Daniel Rivera, encabez\u00f3 la Rueda de Prensa para dar seguimiento al virus SARS CoV-2, aqu\u00ed valor\u00f3 como muy halag\u00fce\u00f1os los indicadores y asegur\u00f3 que hay 16 millones de vacunas disponibles, pero no es motivo para \u201cbajar la guardia\u201d con las medidas de prevenci\u00f3n como, distanciamiento f\u00edsico, uso de mascarillas y lavado constante de manos.<\/p>\n\n\n\n<p>Indic\u00f3 que hoy, gracias al Plan de vacunaci\u00f3n concebido por el presidente Luis Abinader y la iniciativa de una tercera dosis, el pa\u00eds es referente de otras naciones.<\/p>\n\n\n\n<p>\u201cPueden ver los indicadores mundiales, Reino Unido, Francia, Uruguay, Alemania, anuncian y trabajan en la aplicaci\u00f3n de la tercera dosis de la vacuna. Aqu\u00ed en RD estamos vigilantes. Chile y RD van al mismo ritmo, nuestros indicadores son de los m\u00e1s bajos. De 10.7 millones de dominicanos es bajo el porcentaje de positividad, pero, hay que mantener las medidas: mascarillas, distanciamiento, hoy estamos en el mejor momento, pero no hay que bajar la guardia\u201d dijo.<\/p>\n\n\n\n<p>Tambi\u00e9n agradeci\u00f3 a la ciudadan\u00eda por asumir las medidas y acudir a aplicarse la vacuna, e indic\u00f3 que todav\u00eda falta adquirir m\u00e1s dosis. Insisti\u00f3 con las embarazadas y la necesidad de vacunarse.<\/p>\n\n\n\n<p>Agradece a los medios<\/p>\n\n\n\n<p>El doctor Daniel Rivera, expres\u00f3 agradecimiento a la prensa, principalmente a los medios y periodistas de salud por los retos asumidos en pleno rebrote, por el apoyo y esfuerzo para llevar informaci\u00f3n a la poblaci\u00f3n, incluso exponi\u00e9ndose de manera presencial a dar cobertura a las diferentes actividades.<\/p>\n\n\n\n<p>\u201cQuiero que ustedes sepan el agradecimiento del Ministerio a la prensa de salud, por su valent\u00eda, esfuerzo y trabajo. Tienen los boletines, pero no obstante vienen a participar con nosotros, en pleno rebrote est\u00e1n aqu\u00ed cada mi\u00e9rcoles, en las buenas y las malas, multiplicaron las informaciones tanto de COVID-19, como de la vacunaci\u00f3n\u201d dijo.<\/p>\n\n\n\n<p>Jornada de rastreos<\/p>\n\n\n\n<p>El doctor Rivera dijo que disponen m\u00e1s de 30 mil pruebas para aplicarla en una jornada nacional detecci\u00f3n temprana del virus SARS CoV-2, a iniciarse los d\u00edas 11, 12 y 13 de agosto de la presente jornada de toma de muestras de ant\u00edgeno, en las provincias Dajab\u00f3n, El\u00edas Pi\u00f1a, Puerto Plata entre otras, ser\u00e1 una jornada abierta a los que asisten a los hospitales para hacer patrones de aislamiento y un diagn\u00f3stico situacional de los casos asintom\u00e1ticos en la Rep\u00fablica Dominicana.<\/p>\n\n\n\n<p>Sobre el estado de salud del nacional chino que se eval\u00faa para determinar \u201cviruela del mono\u201d dijo que est\u00e1 asintom\u00e1tico en franca recuperaci\u00f3n y mientras tanto se le ubicar\u00e1 EN un lugar de aislamiento adecuado para esperar el resultado de las pruebas y tener un diagn\u00f3stico final.<\/p>\n\n\n\n<p>Advierte a transportistas<\/p>\n\n\n\n<p>El doctor Rivera tambi\u00e9n llam\u00f3 al sector transporte p\u00fablico a seguir las medidas y evitar la aglomeraci\u00f3n en sus rutas, para seguir disminuyendo los efectos de la enfermedad, ya que para ello es necesario hacer que todos los sectores hagan sacrificios.<\/p>\n\n\n\n<p>En ese sentido, dijo que se reunir\u00e1n con el INTRANT para tratar de incidir en el cumplimiento de las medidas.<br>\u201cNosotros estamos en contra de la aglomeraci\u00f3n, vamos a conversar con el INTRAN, Salud P\u00fablica hace las recomendaciones y ellos ejecutan. Le pedimos a esos amigos que siempre han trabajado tanto, que contin\u00faen haciendo el sacrificio porque yo s\u00e9 que aumentaron el pasaje y si lo hicieron fue para evitar la aglomeraci\u00f3n\u201d finaliz\u00f3.<\/p>\n\n\n\n<p>4 de agosto de 2021<br>fuente: Direcci\u00f3n de Comunicaci\u00f3n Estrat\u00e9gica<\/p>\n","protected":false},"excerpt":{"rendered":"<p>diariodominicano.com Ministro llama a sector transporte a evitar aglomeraci\u00f3n, pr\u00f3xima semana habr\u00e1 jornada nacional de toma de muestra Santo Domingo, R. D., 4 de agosto, 2021.- Este mi\u00e9rcoles, el ministro de Salud P\u00fablica, doctor Daniel Rivera, encabez\u00f3 la Rueda de Prensa para dar seguimiento al virus SARS CoV-2, aqu\u00ed valor\u00f3 como muy halag\u00fce\u00f1os los indicadores [&hellip;]<\/p>\n","protected":false},"author":5,"featured_media":290701,"comment_status":"closed","ping_status":"","sticky":true,"template":"","format":"standard","meta":{"footnotes":""},"categories":[20,27],"tags":[],"class_list":["post-290700","post","type-post","status-publish","format-standard","has-post-thumbnail","hentry","category-dominicana-hoy","category-portada"],"_links":{"self":[{"href":"https:\/\/diariodominicano.com\/index.php?rest_route=\/wp\/v2\/posts\/290700","targetHints":{"allow":["GET"]}}],"collection":[{"href":"https:\/\/diariodominicano.com\/index.php?rest_route=\/wp\/v2\/posts"}],"about":[{"href":"https:\/\/diariodominicano.com\/index.php?rest_route=\/wp\/v2\/types\/post"}],"author":[{"embeddable":true,"href":"https:\/\/diariodominicano.com\/index.php?rest_route=\/wp\/v2\/users\/5"}],"replies":[{"embeddable":true,"href":"https:\/\/diariodominicano.com\/index.php?rest_route=%2Fwp%2Fv2%2Fcomments&post=290700"}],"version-history":[{"count":1,"href":"https:\/\/diariodominicano.com\/index.php?rest_route=\/wp\/v2\/posts\/290700\/revisions"}],"predecessor-version":[{"id":290702,"href":"https:\/\/diariodominicano.com\/index.php?rest_route=\/wp\/v2\/posts\/290700\/revisions\/290702"}],"wp:featuredmedia":[{"embeddable":true,"href":"https:\/\/diariodominicano.com\/index.php?rest_route=\/wp\/v2\/media\/290701"}],"wp:attachment":[{"href":"https:\/\/diariodominicano.com\/index.php?rest_route=%2Fwp%2Fv2%2Fmedia&parent=290700"}],"wp:term":[{"taxonomy":"category","embeddable":true,"href":"https:\/\/diariodominicano.com\/index.php?rest_route=%2Fwp%2Fv2%2Fcategories&post=290700"},{"taxonomy":"post_tag","embeddable":true,"href":"https:\/\/diariodominicano.com\/index.php?rest_route=%2Fwp%2Fv2%2Ftags&post=290700"}],"curies":[{"name":"wp","href":"https:\/\/api.w.org\/{rel}","templated":true}]}}