{"id":290694,"date":"2021-08-04T15:07:48","date_gmt":"2021-08-04T19:07:48","guid":{"rendered":"http:\/\/diariodominicano.com\/?p=290694"},"modified":"2021-08-04T15:07:48","modified_gmt":"2021-08-04T19:07:48","slug":"salud-publica-rd-reporta-cifra-mas-baja-en-positividad-diaria-y-la-de-las-ultimas-cuatro-semanas-al-sars-cov-2","status":"publish","type":"post","link":"https:\/\/diariodominicano.com\/?p=290694","title":{"rendered":"Salud P\u00fablica RD reporta cifra m\u00e1s baja en positividad diaria y la de las \u00faltimas cuatro semanas al SARS COV-2"},"content":{"rendered":"\n<p>diariodominicano.com<\/p>\n\n\n\n<p>El GSD, el DN y Santiago aportando los mayores casos en este reporte<\/p>\n\n\n\n<p>Santo Domingo, R. D., 4 de agosto, 2021.\u2013   El Ministerio de Salud P\u00fablica inform\u00f3 que a pesar de los buenos indicadores que hasta el momento se presentan, la poblaci\u00f3n no debe bajar la guardia, descuidando las medidas porque el virus ha demostrado su capacidad de mutaci\u00f3n por ello hay que mantener las mascarillas, lavado de manos y distanciamiento f\u00edsico.<\/p>\n\n\n\n<p>En la acostumbrada rueda de prensa, el director de Epidemiolog\u00eda, doctor Ronald Skewes inst\u00f3 a la ciudadan\u00eda a seguir vacun\u00e1ndose, debido que es la \u00fanica forma de detener que las variantes sigan circulando en el pa\u00eds.<\/p>\n\n\n\n<p>Indic\u00f3 que se est\u00e1 a la espera del resultado de 193 pruebas positivas que fueron enviadas al Centro de Control y Prevenci\u00f3n de Enfermedades de Atlanta (CDC), para detectar las variantes de preocupaci\u00f3n.<\/p>\n\n\n\n<p>Manifest\u00f3 que la cantidad de casos y la positividad de las \u00faltimas cuatro semanas ha ido disminuyendo sustancialmente espec\u00edficamente en el Distrito Nacional y otras provincias.<\/p>\n\n\n\n<p>En el bolet\u00edn epidemiol\u00f3gico #503 emitido este mi\u00e9rcoles se report\u00f3 una baja en la positividad diaria y las de las \u00faltimas cuatro semanas en 5.81% y 8.52% respectivamente, luego de procesar 6,897 muestras de las que 336 resultaron positivas.<\/p>\n\n\n\n<p>La Red Hospitalaria cuenta con 2,632 camas COVID de las que 544 est\u00e1n ocupadas, para un 21 por cie<\/p>\n\n\n\n<p>nto, con 175 camas de Unidad de Cuidados Intensivos (UCI) ocupadas de las 620 de que dispone el sistema para pacientes afectados por la enfermedad, lo que representa un 28 por ciento.<\/p>\n\n\n\n<p>En tanto que, de un total de 521 ventiladores del sistema 110 personas est\u00e1n conectadas, para un 21 por ciento.<br>La Direcci\u00f3n General de Epidemiolog\u00eda (DIGEPI) explica que, de estas muestras 77 son casos positivos nuevos en la provincia Santo Domingo, 71 en el Distrito Nacional y 40 en Santiago.<\/p>\n\n\n\n<p>De igual manera el informe rese\u00f1a que durante este periodo se produjeron tres defunciones, pero aclara que ninguna corresponde a las \u00faltimas 24 horas.<\/p>\n\n\n\n<p>A la fecha la naci\u00f3n tiene 14,354 casos activos, de un total de 343, 186 registrados, con 324,861 pacientes recuperados y 1,508,941 casos sospechosos han sido descartados.<\/p>\n\n\n\n<p>De estas pruebas procesadas, el reporte indica que se hicieron 1,944 de \u2018Reacci\u00f3n en Cadena de la Polimerasa (PCR) y 4,953 de ant\u00edgeno, de las que 5,784 se hicieron por primera vez, y 1,113 fueron subsecuentes.<\/p>\n\n\n\n<p>Salud P\u00fablica notifica que desde que inici\u00f3 la pandemia en el pa\u00eds, han fallecido 3,971 personas, con una letalidad de 1.16 por ciento y la mortalidad por mill\u00f3n de habitantes, se ubica en 380.05.<\/p>\n\n\n\n<p>Este reporte, tambi\u00e9n, se\u00f1ala que el total de muestras procesadas en el pa\u00eds desde que inici\u00f3 la pandemia es de 1,846,343, equivalentes a 176,709 por mill\u00f3n de personas.<\/p>\n\n\n\n<p>Grupos de riesgo<\/p>\n\n\n\n<p>Los grupos de riesgos contin\u00faan siendo en personas que presentan comorbilidades, el documento oficial estad\u00edstico que recoge estos datos se\u00f1ala que por hipertensi\u00f3n los fallecidos corresponden a un 25.54 por ciento, mientras que por diabetes un 15.94 por ciento.<\/p>\n\n\n\n<p>De igual manera establece que las mujeres en estado de embarazo afectadas por el coronavirus son a la fecha 1,195, los trabajadores de la salud 1,405 y menores de 20 a\u00f1os unos 37,855.<br>Las autoridades contin\u00faan su llamado a la ciudadan\u00eda de no bajar la guardia ante esta mortal y variante enfermedad, manteniendo las medidas de higiene y protocolos establecidos, como \u00fanica forma de evitar su propagaci\u00f3n.<\/p>\n\n\n\n<p>Fuente:  Direcci\u00f3n de Comunicaci\u00f3n Estrat\u00e9gica<br>04 de agosto de 2021<\/p>\n","protected":false},"excerpt":{"rendered":"<p>diariodominicano.com El GSD, el DN y Santiago aportando los mayores casos en este reporte Santo Domingo, R. D., 4 de agosto, 2021.\u2013 El Ministerio de Salud P\u00fablica inform\u00f3 que a pesar de los buenos indicadores que hasta el momento se presentan, la poblaci\u00f3n no debe bajar la guardia, descuidando las medidas porque el virus ha [&hellip;]<\/p>\n","protected":false},"author":5,"featured_media":290695,"comment_status":"closed","ping_status":"","sticky":true,"template":"","format":"standard","meta":{"footnotes":""},"categories":[20,27],"tags":[],"class_list":["post-290694","post","type-post","status-publish","format-standard","has-post-thumbnail","hentry","category-dominicana-hoy","category-portada"],"_links":{"self":[{"href":"https:\/\/diariodominicano.com\/index.php?rest_route=\/wp\/v2\/posts\/290694","targetHints":{"allow":["GET"]}}],"collection":[{"href":"https:\/\/diariodominicano.com\/index.php?rest_route=\/wp\/v2\/posts"}],"about":[{"href":"https:\/\/diariodominicano.com\/index.php?rest_route=\/wp\/v2\/types\/post"}],"author":[{"embeddable":true,"href":"https:\/\/diariodominicano.com\/index.php?rest_route=\/wp\/v2\/users\/5"}],"replies":[{"embeddable":true,"href":"https:\/\/diariodominicano.com\/index.php?rest_route=%2Fwp%2Fv2%2Fcomments&post=290694"}],"version-history":[{"count":1,"href":"https:\/\/diariodominicano.com\/index.php?rest_route=\/wp\/v2\/posts\/290694\/revisions"}],"predecessor-version":[{"id":290696,"href":"https:\/\/diariodominicano.com\/index.php?rest_route=\/wp\/v2\/posts\/290694\/revisions\/290696"}],"wp:featuredmedia":[{"embeddable":true,"href":"https:\/\/diariodominicano.com\/index.php?rest_route=\/wp\/v2\/media\/290695"}],"wp:attachment":[{"href":"https:\/\/diariodominicano.com\/index.php?rest_route=%2Fwp%2Fv2%2Fmedia&parent=290694"}],"wp:term":[{"taxonomy":"category","embeddable":true,"href":"https:\/\/diariodominicano.com\/index.php?rest_route=%2Fwp%2Fv2%2Fcategories&post=290694"},{"taxonomy":"post_tag","embeddable":true,"href":"https:\/\/diariodominicano.com\/index.php?rest_route=%2Fwp%2Fv2%2Ftags&post=290694"}],"curies":[{"name":"wp","href":"https:\/\/api.w.org\/{rel}","templated":true}]}}