{"id":290669,"date":"2021-08-04T13:36:21","date_gmt":"2021-08-04T17:36:21","guid":{"rendered":"http:\/\/diariodominicano.com\/?p=290669"},"modified":"2021-08-04T13:36:21","modified_gmt":"2021-08-04T17:36:21","slug":"alcaldia-de-barahona-inicia-construccion-de-obras-en-los-sectores-palmarito-y-savica","status":"publish","type":"post","link":"https:\/\/diariodominicano.com\/?p=290669","title":{"rendered":"Alcald\u00eda de Barahona inicia construcci\u00f3n de obras en los sectores Palmarito y S\u00e1vica"},"content":{"rendered":"\n<p>diariodominicano.com<\/p>\n\n\n\n<p>Barahona, R. D., 4 de agosto, 2021.- La alcald\u00eda municipal dej\u00f3 iniciado la construcci\u00f3n de los parques infantiles y la remodelaci\u00f3n de las canchas deportivas de los sectores Palmarito y S\u00e1vica de esta ciudad.<\/p>\n\n\n\n<p>\u00abEs un mandato del se\u00f1or Presidente de la Rep\u00fablica Luis Abinader<br>Corona que en Barahona se trabaje para bajar los niveles de violencia<br>que registra, y la forma m\u00e1s id\u00f3nea de hacerlo es invirtiendo en la<br>ni\u00f1ez y en la juventud, creando espacios de esparcimiento y para<br>pr\u00e1ctica de deporte, hoy eso estamos haciendo\u00b4\u00b4, expres\u00f3 en su<br>discurso el Alcalde Fern\u00e1ndez.<\/p>\n\n\n\n<p>La inversi\u00f3n de la construcci\u00f3n de la obra en el sector de Palmarito<br>es de unos 3.4 millones de pesos, a los que el ayuntamiento, de sus<br>fondos propios le agrega un gazebo para el parque infantil, que no<br>estaba en el dise\u00f1o.<\/p>\n\n\n\n<p>Mientras que la remodelaci\u00f3n de la cancha del sector S\u00e1vica asciende a<br>unos 3.9 millones de pesos, los ingenieros Johnny Olivero y German<br>L\u00f3pez son los responsables de dichas obras, ya que fueron los<br>ganadores del proceso de licitaci\u00f3n a que fueron sometidas, y se<br>comprometieron a entregarlas en un plazo de 90 d\u00edas.<\/p>\n\n\n\n<p>Los fondos para la construcci\u00f3n de estos parques y canchas fueron<br>donados por la presidencia de la rep\u00fablica a trav\u00e9s del ministerio<br>administrativo. Las dem\u00e1s obras ser\u00e1n sometidas a proceso de<br>licitaci\u00f3n p\u00fablica para su adjudicaci\u00f3n a los que resulten ganadores.<\/p>\n\n\n\n<p>Los actos contaron con la presencia de Dionne Maribel Gonz\u00e1lez,<br>gobernadora, Frank Figueroa concejal del ayuntamiento, Ninoska Cocco,<br>directora de CONANI, Elson Pe\u00f1a, Director Regional de INAPA, Yeuris<br>Reyes y \u00c1ngeles Cuello, directores regional y provincial de la<br>Juventud, pastores de los sectores, dirigentes deportivos, l\u00edderes<br>comunitarios y residentes de los mismos.<\/p>\n\n\n\n<p>Fuente:  <strong>Ohelmis S\u00e1nchez<\/strong>\u00a0<\/p>\n","protected":false},"excerpt":{"rendered":"<p>diariodominicano.com Barahona, R. D., 4 de agosto, 2021.- La alcald\u00eda municipal dej\u00f3 iniciado la construcci\u00f3n de los parques infantiles y la remodelaci\u00f3n de las canchas deportivas de los sectores Palmarito y S\u00e1vica de esta ciudad. \u00abEs un mandato del se\u00f1or Presidente de la Rep\u00fablica Luis AbinaderCorona que en Barahona se trabaje para bajar los niveles [&hellip;]<\/p>\n","protected":false},"author":5,"featured_media":290670,"comment_status":"closed","ping_status":"","sticky":true,"template":"","format":"standard","meta":{"footnotes":""},"categories":[20,27],"tags":[],"class_list":["post-290669","post","type-post","status-publish","format-standard","has-post-thumbnail","hentry","category-dominicana-hoy","category-portada"],"_links":{"self":[{"href":"https:\/\/diariodominicano.com\/index.php?rest_route=\/wp\/v2\/posts\/290669","targetHints":{"allow":["GET"]}}],"collection":[{"href":"https:\/\/diariodominicano.com\/index.php?rest_route=\/wp\/v2\/posts"}],"about":[{"href":"https:\/\/diariodominicano.com\/index.php?rest_route=\/wp\/v2\/types\/post"}],"author":[{"embeddable":true,"href":"https:\/\/diariodominicano.com\/index.php?rest_route=\/wp\/v2\/users\/5"}],"replies":[{"embeddable":true,"href":"https:\/\/diariodominicano.com\/index.php?rest_route=%2Fwp%2Fv2%2Fcomments&post=290669"}],"version-history":[{"count":1,"href":"https:\/\/diariodominicano.com\/index.php?rest_route=\/wp\/v2\/posts\/290669\/revisions"}],"predecessor-version":[{"id":290671,"href":"https:\/\/diariodominicano.com\/index.php?rest_route=\/wp\/v2\/posts\/290669\/revisions\/290671"}],"wp:featuredmedia":[{"embeddable":true,"href":"https:\/\/diariodominicano.com\/index.php?rest_route=\/wp\/v2\/media\/290670"}],"wp:attachment":[{"href":"https:\/\/diariodominicano.com\/index.php?rest_route=%2Fwp%2Fv2%2Fmedia&parent=290669"}],"wp:term":[{"taxonomy":"category","embeddable":true,"href":"https:\/\/diariodominicano.com\/index.php?rest_route=%2Fwp%2Fv2%2Fcategories&post=290669"},{"taxonomy":"post_tag","embeddable":true,"href":"https:\/\/diariodominicano.com\/index.php?rest_route=%2Fwp%2Fv2%2Ftags&post=290669"}],"curies":[{"name":"wp","href":"https:\/\/api.w.org\/{rel}","templated":true}]}}