{"id":290664,"date":"2021-08-04T12:47:42","date_gmt":"2021-08-04T16:47:42","guid":{"rendered":"http:\/\/diariodominicano.com\/?p=290664"},"modified":"2021-08-04T12:48:24","modified_gmt":"2021-08-04T16:48:24","slug":"gabinete-de-politica-social-beneficia-a-jovenes-del-sector-la-cienaga-con-programa-oportunidad-14-24","status":"publish","type":"post","link":"https:\/\/diariodominicano.com\/?p=290664","title":{"rendered":"Gabinete de Pol\u00edtica Social beneficia a j\u00f3venes del sector La Ci\u00e9naga con programa \u201cOportunidad 14-24\u201d"},"content":{"rendered":"\n<p>diariodominicano.com<\/p>\n\n\n\n<p><em>El Programa busca reducir porcentaje de j\u00f3venes que no estudian ni trabajan en el pa\u00eds.<\/em><\/p>\n\n\n\n<p><strong>Santo Domingo, R. D.,  4 de agosto de 2021.\u00a0<\/strong>El Gabinete de Pol\u00edtica Social, que coordina Tony Pe\u00f1a, inaugur\u00f3 este martes en el sector La Ci\u00e9naga del Distrito Nacional otro centro del programa \u201cOportunidad 14-24\u201d, que beneficiar\u00e1 a 80 j\u00f3venes de ese sector con capacitaci\u00f3n en m\u00e1s de 10 \u00e1reas, y se espera que en los pr\u00f3ximos dos meses sean m\u00e1s de 100 los adolescentes y j\u00f3venes adultos que ser\u00e1n capacitados en dicho centro.<\/p>\n\n\n\n<p>El nuevo centro de estudio funcionar\u00e1 en las instalaciones de la Escuela Vocacional de las Fuerzas Armadas y la Polic\u00eda Nacional del sector La Ci\u00e9naga.<\/p>\n\n\n\n<p>Durante la inauguraci\u00f3n, el coordinador del Gabinete de Pol\u00edtica Social, Tony Pe\u00f1a, asegur\u00f3 que con programas como el de \u201cOportunidad 14-24\u201d el Gobierno del cambio del presidente Luis Abinader pretende reducir el porcentaje de la poblaci\u00f3n juvenil que no estudia ni trabaja, que solo en la Rep\u00fablica Dominicana ronda el 29%, un porcentaje mayor al de la poblaci\u00f3n de Am\u00e9rica Latina en esas condiciones, que es de un 17%.<\/p>\n\n\n\n<p>Asimismo, Pe\u00f1a resalt\u00f3 que la intenci\u00f3n de la Presidencia de la Rep\u00fablica, a trav\u00e9s del Gabinete, es seguir abriendo estos centros en todo el territorio nacional.<\/p>\n\n\n\n<p>\u201cYa son 25 los centros de capacitaci\u00f3n del programa \u201cOportunidad 14-24\u201d que hemos abierto y esperamos que para finales de este 2021 est\u00e9n funcionando 100, ya que nuestra meta es habilitar al menos 400 centros de capacitaci\u00f3n, que ya benefician a aproximadamente a mil j\u00f3venes\u201d, dijo Tony Pe\u00f1a.<\/p>\n\n\n\n<div class=\"wp-block-image\"><figure class=\"alignleft size-large is-resized\"><img loading=\"lazy\" decoding=\"async\" src=\"https:\/\/diariodominicano.com\/wp-content\/uploads\/2021\/08\/Gabinete14-24-La-Cienaga-2--1024x682.jpeg\" alt=\"\" class=\"wp-image-290666\" width=\"306\" height=\"204\" srcset=\"https:\/\/diariodominicano.com\/wp-content\/uploads\/2021\/08\/Gabinete14-24-La-Cienaga-2--1024x682.jpeg 1024w, https:\/\/diariodominicano.com\/wp-content\/uploads\/2021\/08\/Gabinete14-24-La-Cienaga-2--300x200.jpeg 300w, https:\/\/diariodominicano.com\/wp-content\/uploads\/2021\/08\/Gabinete14-24-La-Cienaga-2--768x512.jpeg 768w, https:\/\/diariodominicano.com\/wp-content\/uploads\/2021\/08\/Gabinete14-24-La-Cienaga-2--1536x1023.jpeg 1536w, https:\/\/diariodominicano.com\/wp-content\/uploads\/2021\/08\/Gabinete14-24-La-Cienaga-2--816x544.jpeg 816w, https:\/\/diariodominicano.com\/wp-content\/uploads\/2021\/08\/Gabinete14-24-La-Cienaga-2-.jpeg 1600w\" sizes=\"auto, (max-width: 306px) 100vw, 306px\" \/><\/figure><\/div>\n\n\n\n<p>El coordinador del Gabinete Social tambi\u00e9n exhort\u00f3 a los j\u00f3venes del Programa a capacitarse en estas \u00e1reas, ya que la demanda de t\u00e9cnicos profesionales en las mismas aumenta d\u00eda a d\u00eda y las instituciones participantes pueden acompa\u00f1arlos en su camino a iniciar su propio negocio en el futuro.<\/p>\n\n\n\n<p>Los estudiantes del Programa podr\u00e1n capacitarse en cursos y carreras t\u00e9cnicas que van desde los 4 meses hasta los dos a\u00f1os, con la posibilidad de seguir sus estudios a nivel universitario con becas gestionadas por las m\u00e1s de 24 instituciones que lo conforman.<\/p>\n\n\n\n<p>Adem\u00e1s, el director del programa \u201cOportunidad 14-24\u201d, Federman Cruz, manifest\u00f3 que los estudiantes podr\u00e1n elegir entre aprender inform\u00e1tica, plomer\u00eda, electricidad residencial, ebanister\u00eda, refrigeraci\u00f3n, secretariado, peluquer\u00eda, entre otros oficios y en diferentes horarios.<\/p>\n\n\n\n<p>\u201cA ustedes j\u00f3venes les invitamos a aprovechar esta oportunidad que les brinda el Gobierno dominicano a trav\u00e9s del Gabinete de Pol\u00edtica Social y a no desertar una vez asuman el compromiso de salir adelante, por ustedes, por sus familias y por el pa\u00eds\u201d, dijo Cruz.<\/p>\n\n\n\n<p>El coordinador del Gabinete asegur\u00f3 que en los pr\u00f3ximos d\u00edas estar\u00e1n abriendo m\u00e1s centros de \u201cOportunidad 14-24\u201d en la provincia Santo Domingo, para luego pasar a la provincia Santiago y la zona Sur del pa\u00eds, con la ayuda de los Centros Tecnol\u00f3gicos Comunitarios (CTC) y otras dependencias del Estado que facilitar\u00e1n sus instalaciones para la habilitaci\u00f3n de las aulas.<\/p>\n\n\n\n<p>Fuente:  <em>Direcci\u00f3n de Comunicaci\u00f3n Interinstitucional<\/em>\u00a0\u00a0<\/p>\n\n\n\n<p><strong>Gabinete de Pol\u00edtica&nbsp;Social&nbsp;&nbsp;<\/strong><\/p>\n","protected":false},"excerpt":{"rendered":"<p>diariodominicano.com El Programa busca reducir porcentaje de j\u00f3venes que no estudian ni trabajan en el pa\u00eds. Santo Domingo, R. D., 4 de agosto de 2021.\u00a0El Gabinete de Pol\u00edtica Social, que coordina Tony Pe\u00f1a, inaugur\u00f3 este martes en el sector La Ci\u00e9naga del Distrito Nacional otro centro del programa \u201cOportunidad 14-24\u201d, que beneficiar\u00e1 a 80 j\u00f3venes [&hellip;]<\/p>\n","protected":false},"author":5,"featured_media":290665,"comment_status":"closed","ping_status":"","sticky":true,"template":"","format":"standard","meta":{"footnotes":""},"categories":[20,27],"tags":[],"class_list":["post-290664","post","type-post","status-publish","format-standard","has-post-thumbnail","hentry","category-dominicana-hoy","category-portada"],"_links":{"self":[{"href":"https:\/\/diariodominicano.com\/index.php?rest_route=\/wp\/v2\/posts\/290664","targetHints":{"allow":["GET"]}}],"collection":[{"href":"https:\/\/diariodominicano.com\/index.php?rest_route=\/wp\/v2\/posts"}],"about":[{"href":"https:\/\/diariodominicano.com\/index.php?rest_route=\/wp\/v2\/types\/post"}],"author":[{"embeddable":true,"href":"https:\/\/diariodominicano.com\/index.php?rest_route=\/wp\/v2\/users\/5"}],"replies":[{"embeddable":true,"href":"https:\/\/diariodominicano.com\/index.php?rest_route=%2Fwp%2Fv2%2Fcomments&post=290664"}],"version-history":[{"count":2,"href":"https:\/\/diariodominicano.com\/index.php?rest_route=\/wp\/v2\/posts\/290664\/revisions"}],"predecessor-version":[{"id":290668,"href":"https:\/\/diariodominicano.com\/index.php?rest_route=\/wp\/v2\/posts\/290664\/revisions\/290668"}],"wp:featuredmedia":[{"embeddable":true,"href":"https:\/\/diariodominicano.com\/index.php?rest_route=\/wp\/v2\/media\/290665"}],"wp:attachment":[{"href":"https:\/\/diariodominicano.com\/index.php?rest_route=%2Fwp%2Fv2%2Fmedia&parent=290664"}],"wp:term":[{"taxonomy":"category","embeddable":true,"href":"https:\/\/diariodominicano.com\/index.php?rest_route=%2Fwp%2Fv2%2Fcategories&post=290664"},{"taxonomy":"post_tag","embeddable":true,"href":"https:\/\/diariodominicano.com\/index.php?rest_route=%2Fwp%2Fv2%2Ftags&post=290664"}],"curies":[{"name":"wp","href":"https:\/\/api.w.org\/{rel}","templated":true}]}}