{"id":290661,"date":"2021-08-04T12:37:27","date_gmt":"2021-08-04T16:37:27","guid":{"rendered":"http:\/\/diariodominicano.com\/?p=290661"},"modified":"2021-08-04T12:37:27","modified_gmt":"2021-08-04T16:37:27","slug":"encuesta-indica-caida-en-tasas-de-aprobacion-de-biden-sobre-covid-19-y-economia","status":"publish","type":"post","link":"https:\/\/diariodominicano.com\/?p=290661","title":{"rendered":"Encuesta indica ca\u00edda en tasas de aprobaci\u00f3n de Biden sobre COVID-19 y econom\u00eda"},"content":{"rendered":"\n<h3 class=\"wp-block-heading\">diariodominicano.com<a rel=\"noreferrer noopener\" href=\"http:\/\/home.xinhua-news.com\/gdsdetailxhs\/share\/9785004-?pageflag=iframe\" target=\"_blank\"><\/a><\/h3>\n\n\n\n<pre id=\"text-news-description\" class=\"wp-block-preformatted\">   WASHINGTON, 4 ago (Xinhua) -- La opini\u00f3n p\u00fablica estadounidense sobre el manejo del presidente Joe Biden de la COVID-19 y la econom\u00eda estadounidense baj\u00f3, seg\u00fan la \u00faltima encuesta de CNBC.\n   El mayor cambio en la tasa de aprobaci\u00f3n general de Biden \"se produjo en las opiniones sobre su manejo del coronavirus, donde la aprobaci\u00f3n cay\u00f3 9 puntos a 53 por ciento\", inform\u00f3 CNBC el martes.\n   Mientras tanto, la tasa de aprobaci\u00f3n del presidente estadounidense sobre su manejo de la econom\u00eda cay\u00f3 a 42 por ciento, una disminuci\u00f3n de 4 puntos porcentuales, indic\u00f3.\n   La encuesta fue realizada entre 802 adultos estadounidenses en todo el pa\u00eds a fines de julio.<\/pre>\n","protected":false},"excerpt":{"rendered":"<p>diariodominicano.com WASHINGTON, 4 ago (Xinhua) &#8212; La opini\u00f3n p\u00fablica estadounidense sobre el manejo del presidente Joe Biden de la COVID-19 y la econom\u00eda estadounidense baj\u00f3, seg\u00fan la \u00faltima encuesta de CNBC. El mayor cambio en la tasa de aprobaci\u00f3n general de Biden \u00abse produjo en las opiniones sobre su manejo del coronavirus, donde la aprobaci\u00f3n [&hellip;]<\/p>\n","protected":false},"author":5,"featured_media":290662,"comment_status":"closed","ping_status":"","sticky":true,"template":"","format":"standard","meta":{"footnotes":""},"categories":[23,27],"tags":[],"class_list":["post-290661","post","type-post","status-publish","format-standard","has-post-thumbnail","hentry","category-internacional","category-portada"],"_links":{"self":[{"href":"https:\/\/diariodominicano.com\/index.php?rest_route=\/wp\/v2\/posts\/290661","targetHints":{"allow":["GET"]}}],"collection":[{"href":"https:\/\/diariodominicano.com\/index.php?rest_route=\/wp\/v2\/posts"}],"about":[{"href":"https:\/\/diariodominicano.com\/index.php?rest_route=\/wp\/v2\/types\/post"}],"author":[{"embeddable":true,"href":"https:\/\/diariodominicano.com\/index.php?rest_route=\/wp\/v2\/users\/5"}],"replies":[{"embeddable":true,"href":"https:\/\/diariodominicano.com\/index.php?rest_route=%2Fwp%2Fv2%2Fcomments&post=290661"}],"version-history":[{"count":1,"href":"https:\/\/diariodominicano.com\/index.php?rest_route=\/wp\/v2\/posts\/290661\/revisions"}],"predecessor-version":[{"id":290663,"href":"https:\/\/diariodominicano.com\/index.php?rest_route=\/wp\/v2\/posts\/290661\/revisions\/290663"}],"wp:featuredmedia":[{"embeddable":true,"href":"https:\/\/diariodominicano.com\/index.php?rest_route=\/wp\/v2\/media\/290662"}],"wp:attachment":[{"href":"https:\/\/diariodominicano.com\/index.php?rest_route=%2Fwp%2Fv2%2Fmedia&parent=290661"}],"wp:term":[{"taxonomy":"category","embeddable":true,"href":"https:\/\/diariodominicano.com\/index.php?rest_route=%2Fwp%2Fv2%2Fcategories&post=290661"},{"taxonomy":"post_tag","embeddable":true,"href":"https:\/\/diariodominicano.com\/index.php?rest_route=%2Fwp%2Fv2%2Ftags&post=290661"}],"curies":[{"name":"wp","href":"https:\/\/api.w.org\/{rel}","templated":true}]}}