{"id":290651,"date":"2021-08-04T12:12:30","date_gmt":"2021-08-04T16:12:30","guid":{"rendered":"http:\/\/diariodominicano.com\/?p=290651"},"modified":"2021-08-04T12:29:44","modified_gmt":"2021-08-04T16:29:44","slug":"presidente-junta-de-retiro-recibe-comisiones-de-pensionados","status":"publish","type":"post","link":"https:\/\/diariodominicano.com\/?p=290651","title":{"rendered":"Presidente Junta de Retiro recibe Comisiones de Pensionados"},"content":{"rendered":"\n<p>diariodominicano.com<\/p>\n\n\n\n<p>Santo Domingo, R. D.,  4 de agosto, 2021.-  El Presidente de la Junta de Retiro y Fondo de Pensiones de las Fuerzas Armadas, Mayor General Carlos A. Fern\u00e1ndez Onofre, ERD., recibi\u00f3 la visita de una comisi\u00f3n de militares retirados de diferentes puntos del pa\u00eds, con quienes convers\u00f3 sobre sus necesidades con el fin de apoyarlos y mejorar su calidad de vida.<\/p>\n\n\n\n<div class=\"wp-block-image\"><figure class=\"alignleft size-large is-resized\"><img loading=\"lazy\" decoding=\"async\" src=\"https:\/\/diariodominicano.com\/wp-content\/uploads\/2021\/08\/Mide-2021-08-04.jpeg\" alt=\"\" class=\"wp-image-290659\" width=\"303\" height=\"201\" srcset=\"https:\/\/diariodominicano.com\/wp-content\/uploads\/2021\/08\/Mide-2021-08-04.jpeg 1024w, https:\/\/diariodominicano.com\/wp-content\/uploads\/2021\/08\/Mide-2021-08-04-300x200.jpeg 300w, https:\/\/diariodominicano.com\/wp-content\/uploads\/2021\/08\/Mide-2021-08-04-768x512.jpeg 768w, https:\/\/diariodominicano.com\/wp-content\/uploads\/2021\/08\/Mide-2021-08-04-816x544.jpeg 816w\" sizes=\"auto, (max-width: 303px) 100vw, 303px\" \/><\/figure><\/div>\n\n\n\n<p>Esta acci\u00f3n se enmarca dentro de los lineamientos del Presidente de la Rep\u00fablica, Luis Rodolfo Abinader Corona, instrucciones cumplidas por el Teniente General Carlos Luciano D\u00edaz Morfa, ERD, para ofrecer toda la asistencia que requieren los valiosos militares que prestaron servicios en su juventud a las instituciones militares de la patria.<\/p>\n\n\n\n<p>Cada caso es tratado y evaluado por un equipo de profesionales de la instituci\u00f3n, donde se ofrecen soluciones y mejoras a las condiciones de los pensionados en el \u00e1mbito econ\u00f3mico, de la salud y otros servicios que se ofrecen en la junta de retiro.<\/p>\n\n\n\n<p>La Junta de Retiro tiene como misi\u00f3n administrar y dirigir las garant\u00edas de derecho, obligaciones y excepciones que fija la ley para el retiro militar, por medio de una gesti\u00f3n transparente, eficaz y oportuna, enfocada al bienestar de los miembros de las Fuerzas Armadas y sus dependientes legalmente constituidos.<\/p>\n\n\n\n<p>Fuente:  <strong>Prensa Mide<\/strong><\/p>\n","protected":false},"excerpt":{"rendered":"<p>diariodominicano.com Santo Domingo, R. D., 4 de agosto, 2021.- El Presidente de la Junta de Retiro y Fondo de Pensiones de las Fuerzas Armadas, Mayor General Carlos A. Fern\u00e1ndez Onofre, ERD., recibi\u00f3 la visita de una comisi\u00f3n de militares retirados de diferentes puntos del pa\u00eds, con quienes convers\u00f3 sobre sus necesidades con el fin de [&hellip;]<\/p>\n","protected":false},"author":5,"featured_media":290657,"comment_status":"closed","ping_status":"","sticky":true,"template":"","format":"standard","meta":{"footnotes":""},"categories":[20,27],"tags":[],"class_list":["post-290651","post","type-post","status-publish","format-standard","has-post-thumbnail","hentry","category-dominicana-hoy","category-portada"],"_links":{"self":[{"href":"https:\/\/diariodominicano.com\/index.php?rest_route=\/wp\/v2\/posts\/290651","targetHints":{"allow":["GET"]}}],"collection":[{"href":"https:\/\/diariodominicano.com\/index.php?rest_route=\/wp\/v2\/posts"}],"about":[{"href":"https:\/\/diariodominicano.com\/index.php?rest_route=\/wp\/v2\/types\/post"}],"author":[{"embeddable":true,"href":"https:\/\/diariodominicano.com\/index.php?rest_route=\/wp\/v2\/users\/5"}],"replies":[{"embeddable":true,"href":"https:\/\/diariodominicano.com\/index.php?rest_route=%2Fwp%2Fv2%2Fcomments&post=290651"}],"version-history":[{"count":4,"href":"https:\/\/diariodominicano.com\/index.php?rest_route=\/wp\/v2\/posts\/290651\/revisions"}],"predecessor-version":[{"id":290660,"href":"https:\/\/diariodominicano.com\/index.php?rest_route=\/wp\/v2\/posts\/290651\/revisions\/290660"}],"wp:featuredmedia":[{"embeddable":true,"href":"https:\/\/diariodominicano.com\/index.php?rest_route=\/wp\/v2\/media\/290657"}],"wp:attachment":[{"href":"https:\/\/diariodominicano.com\/index.php?rest_route=%2Fwp%2Fv2%2Fmedia&parent=290651"}],"wp:term":[{"taxonomy":"category","embeddable":true,"href":"https:\/\/diariodominicano.com\/index.php?rest_route=%2Fwp%2Fv2%2Fcategories&post=290651"},{"taxonomy":"post_tag","embeddable":true,"href":"https:\/\/diariodominicano.com\/index.php?rest_route=%2Fwp%2Fv2%2Ftags&post=290651"}],"curies":[{"name":"wp","href":"https:\/\/api.w.org\/{rel}","templated":true}]}}