{"id":290648,"date":"2021-08-04T11:50:40","date_gmt":"2021-08-04T15:50:40","guid":{"rendered":"http:\/\/diariodominicano.com\/?p=290648"},"modified":"2021-08-04T11:50:40","modified_gmt":"2021-08-04T15:50:40","slug":"oms-aprueba-lactancia-materna-durante-infeccion-por-covid-19-y-despues-de-vacunacion","status":"publish","type":"post","link":"https:\/\/diariodominicano.com\/?p=290648","title":{"rendered":"OMS aprueba lactancia materna durante infecci\u00f3n por COVID-19 y despu\u00e9s de vacunaci\u00f3n"},"content":{"rendered":"\n<p>diariodominicano.com<a rel=\"noreferrer noopener\" href=\"http:\/\/home.xinhua-news.com\/gdsdetailxhs\/share\/9784849-?pageflag=iframe\" target=\"_blank\"><\/a><\/p>\n\n\n\n<pre id=\"text-news-description\" class=\"wp-block-preformatted\">   COPENHAGUE, 4 ago (Xinhua) -- El virus que causa la COVID-19 no ha sido detectado en la leche materna y no es necesario interrumpir la lactancia durante la infecci\u00f3n por COVID-19 ni despu\u00e9s de la vacunaci\u00f3n de la madre, dijo hoy mi\u00e9rcoles la Oficina Regional para Europa de la Organizaci\u00f3n Mundial de la Salud (OMS).\n   El hallazgo m\u00e1s reciente, aunque est\u00e1 basado en un \"n\u00famero limitado de estudios\", ha hecho que la OMS conf\u00ede en que las madres pueden seguir amamantando a sus hijos, incluso si la madre desarrolla COVID-19, siempre y cuando tomen las precauciones recomendadas.\n   \"Como madre que amamant\u00e9 a mis tres hijos, s\u00e9 de primera mano que la leche materna es una de las mejores fuentes de nutrici\u00f3n para los beb\u00e9s, incluidos aquellos cuyas madres tienen un contagio confirmado o sospechoso de SARS-CoV-2\", dijo Natasha Azzopardi Muscat, directora de Pol\u00edtica Sanitaria de la OMS Europa, en un comunicado de prensa.\n   \"Siempre que una madre contagiada tome las precauciones adecuadas, puede amamantar a su beb\u00e9\", se\u00f1al\u00f3.\n   La gu\u00eda de precauciones actual de la OMS incluye la pr\u00e1ctica de la higiene respiratoria durante la lactancia, que consiste en el uso de una mascarilla o la cobertura de la boca y la nariz, el lavado de manos con agua y jab\u00f3n durante 20 segundos antes y despu\u00e9s de tocar al beb\u00e9, y la limpieza y desinfecci\u00f3n rutinarias de las superficies que se han tocado.\n   Adem\u00e1s, los estudios tambi\u00e9n han constatado  que vacunar a una madre lactante para protegerla de la COVID-19 no representa ning\u00fan riesgo para el beb\u00e9 lactante.\n   \"Las madres lactantes que han recibido la vacuna contra la COVID-19 tienen anticuerpos en su leche, lo que incluso podr\u00eda ayudar a proteger a sus beb\u00e9s del contagio por el virus\", dice el comunicado de prensa.\n   Los \u00faltimos hallazgos se han dado a conocer con motivo de la Semana Mundial de la Lactancia Materna, que se celebra del 1 al 7 de agosto.\n   Como parte de la semana, la OMS Europa est\u00e1 pidiendo tambi\u00e9n a las mujeres lactantes que se vacunen cuando sea su turno y desaconseja a las madres que interrumpan la lactancia materna s\u00f3lo por una vacunaci\u00f3n.\n   \"La lactancia materna es una de las formas m\u00e1s eficaces de garantizar la salud y la supervivencia de los ni\u00f1os, ya que les proporciona anticuerpos y protecci\u00f3n\", se\u00f1ala el comunicado de prensa.\n   En la actualidad, s\u00f3lo 13 por ciento de los beb\u00e9s de la Regi\u00f3n Europea de la OMS (que comprende 53 pa\u00edses) son alimentados exclusivamente con leche materna durante los seis primeros meses de vida, el porcentaje m\u00e1s bajo de todas las regiones de la OMS. Mientras tanto, s\u00f3lo un tercio de la poblaci\u00f3n adulta de la regi\u00f3n ha completado su vacunaci\u00f3n, mientras que la variante Delta se vuelve dominante en la regi\u00f3n, de acuerdo con las estad\u00edsticas de la OMS Europa.\n   \"Los beneficios de la lactancia materna y el fomento de la interacci\u00f3n entre la madre y el beb\u00e9 para prevenir contagios y promover la salud y el desarrollo son especialmente importantes cuando los servicios sanitarios y otros servicios comunitarios se ven interrumpidos o limitados a causa de la pandemia\", dijo Muscat. <\/pre>\n","protected":false},"excerpt":{"rendered":"<p>diariodominicano.com COPENHAGUE, 4 ago (Xinhua) &#8212; El virus que causa la COVID-19 no ha sido detectado en la leche materna y no es necesario interrumpir la lactancia durante la infecci\u00f3n por COVID-19 ni despu\u00e9s de la vacunaci\u00f3n de la madre, dijo hoy mi\u00e9rcoles la Oficina Regional para Europa de la Organizaci\u00f3n Mundial de la Salud [&hellip;]<\/p>\n","protected":false},"author":5,"featured_media":290649,"comment_status":"closed","ping_status":"","sticky":true,"template":"","format":"standard","meta":{"footnotes":""},"categories":[23,27],"tags":[],"class_list":["post-290648","post","type-post","status-publish","format-standard","has-post-thumbnail","hentry","category-internacional","category-portada"],"_links":{"self":[{"href":"https:\/\/diariodominicano.com\/index.php?rest_route=\/wp\/v2\/posts\/290648","targetHints":{"allow":["GET"]}}],"collection":[{"href":"https:\/\/diariodominicano.com\/index.php?rest_route=\/wp\/v2\/posts"}],"about":[{"href":"https:\/\/diariodominicano.com\/index.php?rest_route=\/wp\/v2\/types\/post"}],"author":[{"embeddable":true,"href":"https:\/\/diariodominicano.com\/index.php?rest_route=\/wp\/v2\/users\/5"}],"replies":[{"embeddable":true,"href":"https:\/\/diariodominicano.com\/index.php?rest_route=%2Fwp%2Fv2%2Fcomments&post=290648"}],"version-history":[{"count":1,"href":"https:\/\/diariodominicano.com\/index.php?rest_route=\/wp\/v2\/posts\/290648\/revisions"}],"predecessor-version":[{"id":290650,"href":"https:\/\/diariodominicano.com\/index.php?rest_route=\/wp\/v2\/posts\/290648\/revisions\/290650"}],"wp:featuredmedia":[{"embeddable":true,"href":"https:\/\/diariodominicano.com\/index.php?rest_route=\/wp\/v2\/media\/290649"}],"wp:attachment":[{"href":"https:\/\/diariodominicano.com\/index.php?rest_route=%2Fwp%2Fv2%2Fmedia&parent=290648"}],"wp:term":[{"taxonomy":"category","embeddable":true,"href":"https:\/\/diariodominicano.com\/index.php?rest_route=%2Fwp%2Fv2%2Fcategories&post=290648"},{"taxonomy":"post_tag","embeddable":true,"href":"https:\/\/diariodominicano.com\/index.php?rest_route=%2Fwp%2Fv2%2Ftags&post=290648"}],"curies":[{"name":"wp","href":"https:\/\/api.w.org\/{rel}","templated":true}]}}