{"id":290607,"date":"2021-08-03T22:51:58","date_gmt":"2021-08-04T02:51:58","guid":{"rendered":"http:\/\/diariodominicano.com\/?p=290607"},"modified":"2021-08-03T22:51:58","modified_gmt":"2021-08-04T02:51:58","slug":"gobierno-levanta-el-toque-de-queda-en-la-provincia-la-altagracia-y-el-distrito-nacional","status":"publish","type":"post","link":"https:\/\/diariodominicano.com\/?p=290607","title":{"rendered":"Gobierno levanta el toque de queda en la provincia La Altagracia y el Distrito Nacional"},"content":{"rendered":"\n<p>diariodominicano.com<\/p>\n\n\n\n<p>Santo Domingo, R. D., 3 de agosto, 2021.-  El presidente Luis Abinader emiti\u00f3 el Decreto\u00a0<a href=\"https:\/\/presidencia.gob.do\/decretos\/477-21\">477-21<\/a>\u00a0mediante el cual se establece el levantamiento del toque de queda en la provincia La Altagracia y el Distrito Nacional a partir del pr\u00f3ximo lunes 9 de agosto de 2021.<\/p>\n\n\n\n<p>El nuevo decreto establece que esta medida ser\u00e1 aplicada a partir de las 5:00 ma\u00f1ana del lunes 9 de agosto y desde ese momento se confirma el uso obligatorio de mascarillas en lugares p\u00fablicos y lugares privados de uso p\u00fablico, as\u00ed como las dem\u00e1s medidas y protocolos sanitarios vigentes.<\/p>\n\n\n\n<p>Tambi\u00e9n, se proh\u00edbe la venta y el consumo de bebidas alcoh\u00f3licas en lugares p\u00fablicos y lugares privados de uso p\u00fablico todos los d\u00edas de 12:00 de la medianoche hasta las 5:00 de la ma\u00f1ana.<\/p>\n\n\n\n<p>La medida establece que se requieren permisos especiales para la celebraci\u00f3n de actividades que impliquen aglomeraci\u00f3n, sin importar el lugar de que se trate, los cuales ser\u00e1n otorgados por las autoridades del sector correspondiente, en coordinaci\u00f3n con el Ministerio de Salud P\u00fablica y Asistencia Social.<\/p>\n\n\n\n<p>Explica el presente decreto, que los establecimientos p\u00fablicos y privados de uso p\u00fablico, sin importar el tipo de actividad que auspicien, podr\u00e1n recibir personas solamente hasta el 75% de la capacidad total de sus instalaciones, siempre en cumplimiento de los protocolos sanitarios vigentes.<\/p>\n\n\n\n<p>Indica adem\u00e1s que, los espacios abiertos al aire libre, tales como parques y malecones, podr\u00e1n ser utilizados por las personas en cumplimiento de los protocolos sanitarios vigentes.<\/p>\n\n\n\n<p>Se establece tambi\u00e9n que, en el resto del pa\u00eds, incluyendo la provincia Santo Domingo, se confirma la vigencia del toque de queda y las dem\u00e1s medidas dispuestas en los Decretos 419-21 y 432-21.<\/p>\n\n\n\n<p>Fuente:  Direcci\u00f3n de Prensa<\/p>\n\n\n\n<p>Presidencia de la Rep\u00fablica Dominicana<\/p>\n","protected":false},"excerpt":{"rendered":"<p>diariodominicano.com Santo Domingo, R. D., 3 de agosto, 2021.- El presidente Luis Abinader emiti\u00f3 el Decreto\u00a0477-21\u00a0mediante el cual se establece el levantamiento del toque de queda en la provincia La Altagracia y el Distrito Nacional a partir del pr\u00f3ximo lunes 9 de agosto de 2021. El nuevo decreto establece que esta medida ser\u00e1 aplicada a [&hellip;]<\/p>\n","protected":false},"author":5,"featured_media":285608,"comment_status":"closed","ping_status":"","sticky":true,"template":"","format":"standard","meta":{"footnotes":""},"categories":[20,27],"tags":[],"class_list":["post-290607","post","type-post","status-publish","format-standard","has-post-thumbnail","hentry","category-dominicana-hoy","category-portada"],"_links":{"self":[{"href":"https:\/\/diariodominicano.com\/index.php?rest_route=\/wp\/v2\/posts\/290607","targetHints":{"allow":["GET"]}}],"collection":[{"href":"https:\/\/diariodominicano.com\/index.php?rest_route=\/wp\/v2\/posts"}],"about":[{"href":"https:\/\/diariodominicano.com\/index.php?rest_route=\/wp\/v2\/types\/post"}],"author":[{"embeddable":true,"href":"https:\/\/diariodominicano.com\/index.php?rest_route=\/wp\/v2\/users\/5"}],"replies":[{"embeddable":true,"href":"https:\/\/diariodominicano.com\/index.php?rest_route=%2Fwp%2Fv2%2Fcomments&post=290607"}],"version-history":[{"count":1,"href":"https:\/\/diariodominicano.com\/index.php?rest_route=\/wp\/v2\/posts\/290607\/revisions"}],"predecessor-version":[{"id":290608,"href":"https:\/\/diariodominicano.com\/index.php?rest_route=\/wp\/v2\/posts\/290607\/revisions\/290608"}],"wp:featuredmedia":[{"embeddable":true,"href":"https:\/\/diariodominicano.com\/index.php?rest_route=\/wp\/v2\/media\/285608"}],"wp:attachment":[{"href":"https:\/\/diariodominicano.com\/index.php?rest_route=%2Fwp%2Fv2%2Fmedia&parent=290607"}],"wp:term":[{"taxonomy":"category","embeddable":true,"href":"https:\/\/diariodominicano.com\/index.php?rest_route=%2Fwp%2Fv2%2Fcategories&post=290607"},{"taxonomy":"post_tag","embeddable":true,"href":"https:\/\/diariodominicano.com\/index.php?rest_route=%2Fwp%2Fv2%2Ftags&post=290607"}],"curies":[{"name":"wp","href":"https:\/\/api.w.org\/{rel}","templated":true}]}}