{"id":290604,"date":"2021-08-03T22:48:02","date_gmt":"2021-08-04T02:48:02","guid":{"rendered":"http:\/\/diariodominicano.com\/?p=290604"},"modified":"2021-08-03T22:48:02","modified_gmt":"2021-08-04T02:48:02","slug":"argentina-establece-protocolo-sanitario-por-covid-19-para-elecciones-legislativas","status":"publish","type":"post","link":"https:\/\/diariodominicano.com\/?p=290604","title":{"rendered":"Argentina establece protocolo sanitario por COVID-19 para elecciones legislativas"},"content":{"rendered":"\n<p>diariodominicano.com<a rel=\"noreferrer noopener\" href=\"http:\/\/home.xinhua-news.com\/gdsdetailxhs\/share\/9778538-?pageflag=iframe\" target=\"_blank\"><\/a><\/p>\n\n\n\n<pre id=\"text-news-description\" class=\"wp-block-preformatted\">   BUENOS AIRES, 3 ago (Xinhua) -- La C\u00e1mara Nacional Electoral (CNE) de Argentina estableci\u00f3 hoy martes el protocolo sanitario para evitar la propagaci\u00f3n de la enfermedad del nuevo coronavirus (COVID-19) durante las elecciones primarias y las legislativas de medio t\u00e9rmino que tendr\u00e1n lugar en septiembre y noviembre de este a\u00f1o, respectivamente.\n   El protocolo sanitario fue elaborado junto con el Ministerio del Interior, a trav\u00e9s de la Direcci\u00f3n Nacional Electoral, y con el Ministerio de Salud, y determina medidas sanitarias y de log\u00edstica para llevar a cabo las elecciones nacionales tratando de evitar que la enfermedad se expanda.\n   La CNE inform\u00f3 a trav\u00e9s de un comunicado que se evitar\u00e1 la aglomeraci\u00f3n de personas en los establecimientos educativos designados como centros de votaci\u00f3n, por lo cual habr\u00e1 no m\u00e1s de ocho mesas electorales en cada escuela.\n   Adem\u00e1s, se implementar\u00e1 una franja de dos horas en las que tendr\u00e1n prioridad las personas que integren grupos de riesgo, se deber\u00e1n utilizar elementos de protecci\u00f3n e higiene en los lugares de votaci\u00f3n, y se capacitar\u00e1 a las autoridades de las mesas electorales en l\u00ednea, en lugar de hacerlo de manera presencial, como era habitual.\n   La CNE anunci\u00f3 adem\u00e1s la creaci\u00f3n de la figura del \"facilitador sanitario\", quien deber\u00e1 ordenar el ingreso de los votantes y constatar el uso de tapabocas y de sanitizante para las manos de todas las personas, y se\u00f1al\u00f3 que cada distrito deber\u00e1 arbitrar los medios para que puedan emitir su voto los electores con s\u00edntomas de COVID-19 y que deseen ejercer su derecho al sufragio.\n   El pa\u00eds sudamericano tendr\u00e1 el 12 de septiembre elecciones primarias, abiertas, simult\u00e1neas y obligatorias (PASO) para todos los partidos pol\u00edticos.\n   La lista \u00fanica o la m\u00e1s votada de cada espacio que coseche al menos el 1,5 por ciento de los votos en las primarias quedar\u00e1 habilitada para competir en las elecciones legislativas de medio t\u00e9rmino, previstas para el 14 de noviembre.\n   Los partidos pol\u00edticos pueden presentar en las PASO una \u00fanica lista de candidatos, sin competencia interna, mientras que el voto es obligatorio para los ciudadanos, sean o no afiliados a una fuerza pol\u00edtica.\n   En las elecciones de medio t\u00e9rmino se renovar\u00e1n 127 de los 257 esca\u00f1os de la C\u00e1mara de Diputados, y 24 de los 72 del Senado. <\/pre>\n","protected":false},"excerpt":{"rendered":"<p>diariodominicano.com BUENOS AIRES, 3 ago (Xinhua) &#8212; La C\u00e1mara Nacional Electoral (CNE) de Argentina estableci\u00f3 hoy martes el protocolo sanitario para evitar la propagaci\u00f3n de la enfermedad del nuevo coronavirus (COVID-19) durante las elecciones primarias y las legislativas de medio t\u00e9rmino que tendr\u00e1n lugar en septiembre y noviembre de este a\u00f1o, respectivamente. El protocolo sanitario [&hellip;]<\/p>\n","protected":false},"author":5,"featured_media":290605,"comment_status":"closed","ping_status":"","sticky":true,"template":"","format":"standard","meta":{"footnotes":""},"categories":[27],"tags":[],"class_list":["post-290604","post","type-post","status-publish","format-standard","has-post-thumbnail","hentry","category-portada"],"_links":{"self":[{"href":"https:\/\/diariodominicano.com\/index.php?rest_route=\/wp\/v2\/posts\/290604","targetHints":{"allow":["GET"]}}],"collection":[{"href":"https:\/\/diariodominicano.com\/index.php?rest_route=\/wp\/v2\/posts"}],"about":[{"href":"https:\/\/diariodominicano.com\/index.php?rest_route=\/wp\/v2\/types\/post"}],"author":[{"embeddable":true,"href":"https:\/\/diariodominicano.com\/index.php?rest_route=\/wp\/v2\/users\/5"}],"replies":[{"embeddable":true,"href":"https:\/\/diariodominicano.com\/index.php?rest_route=%2Fwp%2Fv2%2Fcomments&post=290604"}],"version-history":[{"count":1,"href":"https:\/\/diariodominicano.com\/index.php?rest_route=\/wp\/v2\/posts\/290604\/revisions"}],"predecessor-version":[{"id":290606,"href":"https:\/\/diariodominicano.com\/index.php?rest_route=\/wp\/v2\/posts\/290604\/revisions\/290606"}],"wp:featuredmedia":[{"embeddable":true,"href":"https:\/\/diariodominicano.com\/index.php?rest_route=\/wp\/v2\/media\/290605"}],"wp:attachment":[{"href":"https:\/\/diariodominicano.com\/index.php?rest_route=%2Fwp%2Fv2%2Fmedia&parent=290604"}],"wp:term":[{"taxonomy":"category","embeddable":true,"href":"https:\/\/diariodominicano.com\/index.php?rest_route=%2Fwp%2Fv2%2Fcategories&post=290604"},{"taxonomy":"post_tag","embeddable":true,"href":"https:\/\/diariodominicano.com\/index.php?rest_route=%2Fwp%2Fv2%2Ftags&post=290604"}],"curies":[{"name":"wp","href":"https:\/\/api.w.org\/{rel}","templated":true}]}}