{"id":290601,"date":"2021-08-03T22:40:47","date_gmt":"2021-08-04T02:40:47","guid":{"rendered":"http:\/\/diariodominicano.com\/?p=290601"},"modified":"2021-08-03T22:40:47","modified_gmt":"2021-08-04T02:40:47","slug":"conape-pide-aumentar-presupuesto-para-atender-poblacion-de-adultos-mayores","status":"publish","type":"post","link":"https:\/\/diariodominicano.com\/?p=290601","title":{"rendered":"Conape pide aumentar presupuesto para atender poblaci\u00f3n de adultos mayores"},"content":{"rendered":"\n<p>diariodominicano.com<\/p>\n\n\n\n<p>Santo Domingo, R. D., 3 de agosto, 2021.-  Al presentar las memorias enero-junio 2021, ante la sesi\u00f3n del Consejo Ampliado de este martes, el doctor Jos\u00e9 Garc\u00eda Ram\u00edrez, director ejecutivo del Consejo Nacional de la Persona Envejeciente (CONAPE), afirm\u00f3 que est\u00e1n cambiando el paradigma de todos los centros de atenci\u00f3n del pa\u00eds por la gran importancia que tienen en la preservaci\u00f3n de una vida digna.<\/p>\n\n\n\n<p>El funcionario dijo que al \u201cllegar al Conape pusimos en marcha un plan para&nbsp; promover el conocimiento de la Ley 352-98 en todos los sectores nacionales, a trav\u00e9s de las gobernaciones civiles, realizando Media Tours por decenas de medios de comunicaci\u00f3n y distribuyendo ejemplares por diferentes v\u00edas.<\/p>\n\n\n\n<p>Sostuvo que esta ley es la herramienta que permite la preservaci\u00f3n de los derechos fundamentales de los envejecientes, \u201cpero entendemos que debe ser modificada porque adolece de un r\u00e9gimen de consecuencia para proteger adecuadamente a los envejecientes de nuestro pa\u00eds\u201d.<\/p>\n\n\n\n<p>Durante un acto encabezado por los miembros del Consejo Directivo del CONAPE y la participaci\u00f3n de diversas personalidades, expuso las memorias de los primeros seis meses de ejecuci\u00f3n del presente a\u00f1o, destacando las diferentes modalidades de acogida que ofrece el organismo a los envejecientes.<\/p>\n\n\n\n<p>Indic\u00f3 que los&nbsp;<em>Centros de D\u00eda&nbsp;<\/em>ofrecen servicios, capacitaci\u00f3n y recreaci\u00f3n a los adultos mayores&nbsp;de 8:00 de la ma\u00f1ana a 5:00 de la tarde; los <em>centros permanentes <\/em>las 24 horas del d\u00eda; los<em> ASFL los <\/em>operan las denominadas ONG y&nbsp;los <em>centros privados<\/em> ofrecen servicios personalizados de manera privada.<\/p>\n\n\n\n<p>Resalt\u00f3 que el presupuesto de la naci\u00f3n del 2021 es de un bill\u00f3n noventa y cuatro mil ochocientos ocho millones cuatrocientos dos mil trecientos noventa y un peso&nbsp;&nbsp;&nbsp;&nbsp;&nbsp;&nbsp;&nbsp;&nbsp;&nbsp;&nbsp;&nbsp;&nbsp;&nbsp;&nbsp;&nbsp;&nbsp;&nbsp;&nbsp;&nbsp;&nbsp;&nbsp;&nbsp;&nbsp;&nbsp;&nbsp;&nbsp;&nbsp;&nbsp;&nbsp;&nbsp;&nbsp;&nbsp;&nbsp;&nbsp;&nbsp;&nbsp; &nbsp;(RD$1,094,808,402,391.00), lo que evidencia que el sector de los adultos mayores, de acuerdo al \u00faltimo censo compuesto por el 11.5 por ciento de la poblaci\u00f3n dominicana, s\u00f3lo recibe proporcionalmente el 0.0006 por ciento de este presupuesto.<\/p>\n\n\n\n<p>&nbsp;Agreg\u00f3 que con su llegada CONAPE \u201chemos modificado protocolos y algunas modalidades de operaci\u00f3n de estos centros para cumplir con lo establecido en&nbsp;la Ley 352-98 y ajustarlos al cumplimiento de misma\u201d.<\/p>\n\n\n\n<p>Dijo que el departamento de ingeniar\u00eda de CONAPE inici\u00f3 un inventario en cada centro, para adecuar sus estructuras a las necesidades de los envejecientes que reciben servicios en los mismos, de manera que no pongan en riesgo su integridad f\u00edsica.<\/p>\n\n\n\n<p>Garc\u00eda Ram\u00edrez relat\u00f3 sus desempe\u00f1os y algunos planes de la instituci\u00f3n durante la reuni\u00f3n del Consejo de este mes, en la que participaron Jos\u00e9 Antonio Matos, viceministro de salud, en sustituci\u00f3n del ministro Daniel Rivera, presidente del Consejo; Nurys Presbot, secretaria; Mar\u00eda Cristina Camilo, representante de los envejecientes; Miguel Hach\u00e9, representante de la Iglesia cat\u00f3lica, Marianela de la Cruz, representante de las ONG, Jacobo Fern\u00e1ndez, c\u00f3nsul general de la Rep\u00fablica Dominicana en Miami y otros miembros, funcionarios y personalidades,<\/p>\n\n\n\n<p>\u201cEl CONAPE mantiene el enfoque del gobierno del presidente Luis Abinader, que es el beneficio de la gente, y por ello se traz\u00f3 la meta de disponer de un centro de d\u00eda en cada provincia del pa\u00eds, para garantizar el desarrollo integral los envejecientes de toda la geograf\u00eda nacional\u201d,&nbsp;&nbsp;agreg\u00f3.<\/p>\n\n\n\n<p>Sostuvo que la idea es \u201cmantener a esta poblaci\u00f3n activos, participativos y protegidos, ya que esto les permitir\u00e1 auto gestionarse y con ello lograr que no necesiten reclusi\u00f3n permanente en un centro de acogida y pueden mantenerse en su n\u00facleo familiar el mayor tiempo posible\u201d dijo el funcionario.<\/p>\n\n\n\n<p>Tambi\u00e9n se refiri\u00f3 a la planta f\u00edsica de la sede central de CONAPE, ubicada en la calle Santiago No. 4, Gascue, de la cual dijo que no responde estructuralmente a las necesidades de la instituci\u00f3n, por lo que se plantea obtener un nuevo local &nbsp;donde los&nbsp; adultos mayores reciban los servicios c\u00f3modamente y los empleados laboren en condiciones apropiadas.<\/p>\n\n\n\n<p>Finalmente las autoridades de CONAPE muestran regocijo por treinta y tres nuevos acuerdos interinstitucionales que han firmado con instituciones diferentes, los cuales permiten eficientizar los servicios e involucrar m\u00e1s actores al trabajo directo con los adultos mayores en la Republica Dominicana.<\/p>\n\n\n\n<p>Esta acci\u00f3n va c\u00f3nsona con Ley 352-98, que establece que la familia, la comunidad, la sociedad civil y el Estado Dominicano, tienen el deber de garantizar los derechos de los adultos mayores y estos convenios permiten establecer las normas de ejecuci\u00f3n de los aportes de distintos sectores para suplir las necesidades de esta poblaci\u00f3n.<\/p>\n\n\n\n<p>Fuente: <strong>Prensa Conape<\/strong><\/p>\n","protected":false},"excerpt":{"rendered":"<p>diariodominicano.com Santo Domingo, R. D., 3 de agosto, 2021.- Al presentar las memorias enero-junio 2021, ante la sesi\u00f3n del Consejo Ampliado de este martes, el doctor Jos\u00e9 Garc\u00eda Ram\u00edrez, director ejecutivo del Consejo Nacional de la Persona Envejeciente (CONAPE), afirm\u00f3 que est\u00e1n cambiando el paradigma de todos los centros de atenci\u00f3n del pa\u00eds por la [&hellip;]<\/p>\n","protected":false},"author":5,"featured_media":290602,"comment_status":"closed","ping_status":"","sticky":true,"template":"","format":"standard","meta":{"footnotes":""},"categories":[20,27],"tags":[],"class_list":["post-290601","post","type-post","status-publish","format-standard","has-post-thumbnail","hentry","category-dominicana-hoy","category-portada"],"_links":{"self":[{"href":"https:\/\/diariodominicano.com\/index.php?rest_route=\/wp\/v2\/posts\/290601","targetHints":{"allow":["GET"]}}],"collection":[{"href":"https:\/\/diariodominicano.com\/index.php?rest_route=\/wp\/v2\/posts"}],"about":[{"href":"https:\/\/diariodominicano.com\/index.php?rest_route=\/wp\/v2\/types\/post"}],"author":[{"embeddable":true,"href":"https:\/\/diariodominicano.com\/index.php?rest_route=\/wp\/v2\/users\/5"}],"replies":[{"embeddable":true,"href":"https:\/\/diariodominicano.com\/index.php?rest_route=%2Fwp%2Fv2%2Fcomments&post=290601"}],"version-history":[{"count":1,"href":"https:\/\/diariodominicano.com\/index.php?rest_route=\/wp\/v2\/posts\/290601\/revisions"}],"predecessor-version":[{"id":290603,"href":"https:\/\/diariodominicano.com\/index.php?rest_route=\/wp\/v2\/posts\/290601\/revisions\/290603"}],"wp:featuredmedia":[{"embeddable":true,"href":"https:\/\/diariodominicano.com\/index.php?rest_route=\/wp\/v2\/media\/290602"}],"wp:attachment":[{"href":"https:\/\/diariodominicano.com\/index.php?rest_route=%2Fwp%2Fv2%2Fmedia&parent=290601"}],"wp:term":[{"taxonomy":"category","embeddable":true,"href":"https:\/\/diariodominicano.com\/index.php?rest_route=%2Fwp%2Fv2%2Fcategories&post=290601"},{"taxonomy":"post_tag","embeddable":true,"href":"https:\/\/diariodominicano.com\/index.php?rest_route=%2Fwp%2Fv2%2Ftags&post=290601"}],"curies":[{"name":"wp","href":"https:\/\/api.w.org\/{rel}","templated":true}]}}