{"id":290598,"date":"2021-08-03T22:33:38","date_gmt":"2021-08-04T02:33:38","guid":{"rendered":"http:\/\/diariodominicano.com\/?p=290598"},"modified":"2021-08-03T22:33:38","modified_gmt":"2021-08-04T02:33:38","slug":"eeuu-en-trayectoria-similar-a-brote-de-variante-delta-de-inicios-de-ano-en-reino-unido-fauci","status":"publish","type":"post","link":"https:\/\/diariodominicano.com\/?p=290598","title":{"rendered":"EEUU, en trayectoria similar a brote de variante Delta de inicios de a\u00f1o en Reino Unido: Fauci"},"content":{"rendered":"\n<p>diariodominicano.com<a rel=\"noreferrer noopener\" href=\"http:\/\/home.xinhua-news.com\/gdsdetailxhs\/share\/9778399-?pageflag=iframe\" target=\"_blank\"><\/a><\/p>\n\n\n\n<pre id=\"text-news-description\" class=\"wp-block-preformatted\">   WASHINGTON, 3 ago (Xinhua) -- Estados Unidos se encuentra en una trayectoria similar a la del brote de la variante Delta registrada a inicios de este a\u00f1o en Reino Unido, dijo hoy Anthony Fauci, director del Instituto Nacional de Alergias y Enfermedades Infecciosas.\n   \"Puesto que la aceleraci\u00f3n de las vacunas no da resultado sino hasta varias semanas despu\u00e9s, ya nos encontramos en una trayectoria asombrosamente similar a la aguda pendiente vista en Reino Unido\", dijo Fauci durante una discusi\u00f3n organizada por el Centro de Estudios Estrat\u00e9gicos e Internacionales.\n   \"Para poder garantizar que para el momento en que lleguemos al oto\u00f1o no sigamos acelerando, sino que demos vuelta y empecemos a descender de manera aguda, tenemos que lograr que los 93 millones de personas elegibles para la vacunaci\u00f3n, y que no se est\u00e1n vacunando, se vacunen\", dijo Fauci.\n   Es probable que las variantes del coronavirus hayan evolucionado en los cuerpos de personas inmunodeprimidas, dijo Fauci.\n   \"Como todos sabemos, las variantes han surgido debido a la presi\u00f3n que el sistema inmunol\u00f3gico humano ha ejercido sobre el virus, muy probablemente de personas inmunodeprimidas que acabaron por contagiarse, y que tuvieron el virus en ellas durante d\u00edas y d\u00edas y d\u00edas antes de eliminarlo o de morir, lo que en esencia caus\u00f3 el surgimiento de una variante\", dijo Fauci.\n   Hasta el lunes, el 70 por ciento de los adultos estadounidenses de 18 a\u00f1os o m\u00e1s hab\u00edan recibido al menos una dosis de una vacuna y 60,6 por ciento de los adultos estadounidenses se hab\u00edan vacunado por completo, indicaron los Centros para la Prevenci\u00f3n y Control de Enfermedades de Estados Unidos (CDC, por sus siglas en ingl\u00e9s).\n   El promedio actual de nuevos casos en siete d\u00edas se increment\u00f3 64,1 por ciento en comparaci\u00f3n con los datos de los siete d\u00edas anteriores, se indic\u00f3 en un informe semanal de los CDC. A nivel nacional se espera que la proporci\u00f3n de casos atribuidos a la variante B.1.617.2 (Delta) se incremente a 82,2 por ciento. <\/pre>\n","protected":false},"excerpt":{"rendered":"<p>diariodominicano.com WASHINGTON, 3 ago (Xinhua) &#8212; Estados Unidos se encuentra en una trayectoria similar a la del brote de la variante Delta registrada a inicios de este a\u00f1o en Reino Unido, dijo hoy Anthony Fauci, director del Instituto Nacional de Alergias y Enfermedades Infecciosas. \u00abPuesto que la aceleraci\u00f3n de las vacunas no da resultado sino [&hellip;]<\/p>\n","protected":false},"author":5,"featured_media":290599,"comment_status":"closed","ping_status":"","sticky":true,"template":"","format":"standard","meta":{"footnotes":""},"categories":[23,27],"tags":[],"class_list":["post-290598","post","type-post","status-publish","format-standard","has-post-thumbnail","hentry","category-internacional","category-portada"],"_links":{"self":[{"href":"https:\/\/diariodominicano.com\/index.php?rest_route=\/wp\/v2\/posts\/290598","targetHints":{"allow":["GET"]}}],"collection":[{"href":"https:\/\/diariodominicano.com\/index.php?rest_route=\/wp\/v2\/posts"}],"about":[{"href":"https:\/\/diariodominicano.com\/index.php?rest_route=\/wp\/v2\/types\/post"}],"author":[{"embeddable":true,"href":"https:\/\/diariodominicano.com\/index.php?rest_route=\/wp\/v2\/users\/5"}],"replies":[{"embeddable":true,"href":"https:\/\/diariodominicano.com\/index.php?rest_route=%2Fwp%2Fv2%2Fcomments&post=290598"}],"version-history":[{"count":1,"href":"https:\/\/diariodominicano.com\/index.php?rest_route=\/wp\/v2\/posts\/290598\/revisions"}],"predecessor-version":[{"id":290600,"href":"https:\/\/diariodominicano.com\/index.php?rest_route=\/wp\/v2\/posts\/290598\/revisions\/290600"}],"wp:featuredmedia":[{"embeddable":true,"href":"https:\/\/diariodominicano.com\/index.php?rest_route=\/wp\/v2\/media\/290599"}],"wp:attachment":[{"href":"https:\/\/diariodominicano.com\/index.php?rest_route=%2Fwp%2Fv2%2Fmedia&parent=290598"}],"wp:term":[{"taxonomy":"category","embeddable":true,"href":"https:\/\/diariodominicano.com\/index.php?rest_route=%2Fwp%2Fv2%2Fcategories&post=290598"},{"taxonomy":"post_tag","embeddable":true,"href":"https:\/\/diariodominicano.com\/index.php?rest_route=%2Fwp%2Fv2%2Ftags&post=290598"}],"curies":[{"name":"wp","href":"https:\/\/api.w.org\/{rel}","templated":true}]}}