{"id":290583,"date":"2021-08-03T21:32:44","date_gmt":"2021-08-04T01:32:44","guid":{"rendered":"http:\/\/diariodominicano.com\/?p=290583"},"modified":"2021-08-03T21:32:44","modified_gmt":"2021-08-04T01:32:44","slug":"candidatos-urgen-acudir-en-auxilio-periodistas-de-las-provincias","status":"publish","type":"post","link":"https:\/\/diariodominicano.com\/?p=290583","title":{"rendered":"Candidatos urgen acudir en auxilio periodistas de las provincias"},"content":{"rendered":"\n<p>diariodominicano.com<\/p>\n\n\n\n<p>Santo Domingo, R. D.,  3 de agosto, 2021.-  El periodismo en las provincias est\u00e1 impactado por las implicaciones socioecon\u00f3micas agravadas por la pandemia y la fuerte competencia de llamados comunicadores, panorama catalogado como cr\u00edtico por los candidatos de Convergencia y Dos Generaciones a la presidencia del CDP e IPPP, Ana Daisy Guerreo y Te\u00f3filo Bonilla, respectivamente.<\/p>\n\n\n\n<p>Los postulantes consideran que tanto el Colegio Dominicano de Periodistas como su Instituto de Previsi\u00f3n y Protecci\u00f3n deben enfocarse en lo inmediato en dar respuestas a la realidad expuesta, en tanto afecta sensiblemente al periodismo y a los periodistas radicados en las provincias.<\/p>\n\n\n\n<p>Exponen que en el marco de los recorridos que realizan por todo el pa\u00eds para presentar y motivar ante sus colegas la propuesta de construir un nuevo CDP, \u201cnos hemos encontrado con una realidad deprimente ante la que nuestros gremios no pueden seguir de espalda\u201d.<\/p>\n\n\n\n<p>\u201cEn cada uno de los contactos con los colegas que viven en las regiones, salen a relucir como principales males a los que se enfrentan, la usurpaci\u00f3n de la profesi\u00f3n por parte de llamados comunicadores, la dif\u00edcil situaci\u00f3n econ\u00f3mica agravada por la crisis sanitaria, la baja inversi\u00f3n publicitaria que hace desaparecer sus programas, as\u00ed como la falta de soluciones impulsadas desde los gremios period\u00edsticos nuestros\u201d, afirman.<\/p>\n\n\n\n<p>Agregan que otro denominador com\u00fan tiene que ver con las quejas ante el desempe\u00f1o ineficaz de las instituciones llamadas a representarlos y defenderlos, a quienes critican por mantenerlos al margen de todo y solo visitarlos en tiempo de campa\u00f1a.<\/p>\n\n\n\n<p>\u201cHemos escuchado con atenci\u00f3n sus testimonios y, de igual modo, hemos palpado el desaliento que les embarga por sentirse abandonados ya que, seg\u00fan afirman, se les trata como a los pavos en Navidad\u201d, revelan.<\/p>\n\n\n\n<p>Ana Daisy Guerreo y Te\u00f3filo Bonilla anunciaron que una vez tomen la direcci\u00f3n del CDP\/IPPP impulsar\u00e1n la aprobaci\u00f3n de una Ley de regulaci\u00f3n y distribuci\u00f3n equitativa del presupuesto que el Gobierno destina a la publicidad, de manera que los medios alternativos y las peque\u00f1as empresas period\u00edsticas de provincias tengan acceso al mismo.<\/p>\n\n\n\n<p>Al propio tiempo, dijeron que dar\u00e1n inicio a un proceso de inclusi\u00f3n, integraci\u00f3n y participaci\u00f3n de toda la estructura organizacional del gremio, \u201cde manera que las seccionales de provincias y el exterior, as\u00ed como cada uno de los miembros, participen en la toma de decisiones de la instituci\u00f3n\u201d.<\/p>\n\n\n\n<p>\u201cEn los primeros 100 d\u00edas convocaremos un encuentro con todos los secretarios generales para consensuar una agenda com\u00fan de trabajo entre el Comit\u00e9 Ejecutivo y las Seccionales, as\u00ed como para habilitar los mecanismos de retroalimentaci\u00f3n que prevalecer\u00e1n entre ambas instancias del CDP\u201d, afirman.<\/p>\n\n\n\n<p>En ese orden, prometen romper la pr\u00e1ctica de aislar a los organismos de base del CDP que solo son valorados en tiempo de campa\u00f1a, para lo que crear\u00e1n una Secretar\u00eda de Seccionales que tendr\u00e1 entre sus funciones mantener la coordinaci\u00f3n y supervisi\u00f3n constantes de cada una de estas y fungir\u00e1, a la vez, como enlace entre el Comit\u00e9 Ejecutivo y estas.<\/p>\n\n\n\n<p>Resaltaron la amplia acogida que est\u00e1n recibiendo en sus exitosos recorridos por las distintas regiones del pa\u00eds, una experiencia que definen como extraordinaria y que les compromete a generar un cambio de conducta respecto al trato que actualmente se les dispensa tanto a las seccionales como a los periodistas.<\/p>\n\n\n\n<p>Entre las provincias recorridas hasta ahora figuran San Crist\u00f3bal, San Juan, Azua, Valverde, Espaillat, El Seibo, Higuey, La Romana, Nagua, Cotu\u00ed y San Francisco de Macor\u00eds.<\/p>\n\n\n\n<p>\u201cEn cada uno de estos exitosos encuentros hemos llamado a los colegas a ser parte del inicio de una nueva etapa de nuestro CDP\/IPPP. Les hemos invitado a caminar juntos hacia la construcci\u00f3n de un nuevo Colegio que en verdad nos represente y nos devuelva el orgullo de ser periodista\u201d, indican.<\/p>\n\n\n\n<p>Fuente:  Direcci\u00f3n de campa\u00f1a<\/p>\n\n\n\n<p>Santo Domingo, 3 de agosto 2021.<\/p>\n","protected":false},"excerpt":{"rendered":"<p>diariodominicano.com Santo Domingo, R. D., 3 de agosto, 2021.- El periodismo en las provincias est\u00e1 impactado por las implicaciones socioecon\u00f3micas agravadas por la pandemia y la fuerte competencia de llamados comunicadores, panorama catalogado como cr\u00edtico por los candidatos de Convergencia y Dos Generaciones a la presidencia del CDP e IPPP, Ana Daisy Guerreo y Te\u00f3filo [&hellip;]<\/p>\n","protected":false},"author":5,"featured_media":290584,"comment_status":"closed","ping_status":"","sticky":true,"template":"","format":"standard","meta":{"footnotes":""},"categories":[20,27],"tags":[],"class_list":["post-290583","post","type-post","status-publish","format-standard","has-post-thumbnail","hentry","category-dominicana-hoy","category-portada"],"_links":{"self":[{"href":"https:\/\/diariodominicano.com\/index.php?rest_route=\/wp\/v2\/posts\/290583","targetHints":{"allow":["GET"]}}],"collection":[{"href":"https:\/\/diariodominicano.com\/index.php?rest_route=\/wp\/v2\/posts"}],"about":[{"href":"https:\/\/diariodominicano.com\/index.php?rest_route=\/wp\/v2\/types\/post"}],"author":[{"embeddable":true,"href":"https:\/\/diariodominicano.com\/index.php?rest_route=\/wp\/v2\/users\/5"}],"replies":[{"embeddable":true,"href":"https:\/\/diariodominicano.com\/index.php?rest_route=%2Fwp%2Fv2%2Fcomments&post=290583"}],"version-history":[{"count":1,"href":"https:\/\/diariodominicano.com\/index.php?rest_route=\/wp\/v2\/posts\/290583\/revisions"}],"predecessor-version":[{"id":290585,"href":"https:\/\/diariodominicano.com\/index.php?rest_route=\/wp\/v2\/posts\/290583\/revisions\/290585"}],"wp:featuredmedia":[{"embeddable":true,"href":"https:\/\/diariodominicano.com\/index.php?rest_route=\/wp\/v2\/media\/290584"}],"wp:attachment":[{"href":"https:\/\/diariodominicano.com\/index.php?rest_route=%2Fwp%2Fv2%2Fmedia&parent=290583"}],"wp:term":[{"taxonomy":"category","embeddable":true,"href":"https:\/\/diariodominicano.com\/index.php?rest_route=%2Fwp%2Fv2%2Fcategories&post=290583"},{"taxonomy":"post_tag","embeddable":true,"href":"https:\/\/diariodominicano.com\/index.php?rest_route=%2Fwp%2Fv2%2Ftags&post=290583"}],"curies":[{"name":"wp","href":"https:\/\/api.w.org\/{rel}","templated":true}]}}