{"id":290576,"date":"2021-08-03T21:26:27","date_gmt":"2021-08-04T01:26:27","guid":{"rendered":"http:\/\/diariodominicano.com\/?p=290576"},"modified":"2021-08-03T21:27:58","modified_gmt":"2021-08-04T01:27:58","slug":"muere-policia-despues-de-tiroteo-afuera-del-pentagono","status":"publish","type":"post","link":"https:\/\/diariodominicano.com\/?p=290576","title":{"rendered":"Muere polic\u00eda despu\u00e9s de tiroteo afuera del Pent\u00e1gono"},"content":{"rendered":"\n<p>diariodominicano.com<a rel=\"noreferrer noopener\" href=\"http:\/\/home.xinhua-news.com\/gdsdetailxhs\/share\/9778394-?pageflag=iframe\" target=\"_blank\"><\/a><\/p>\n\n\n\n<pre id=\"text-news-description\" class=\"wp-block-preformatted\">   WASHINGTON, 3 ago (Xinhua) -- Un oficial de polic\u00eda muri\u00f3 hoy despu\u00e9s de un tiroteo ocurrido en la plataforma del Metro Bus afuera del Pent\u00e1gono, informaron las autoridades.\n   El oficial fue apu\u00f1alado y m\u00e1s tarde perdi\u00f3 la vida. El agresor fue abatido por otros elementos del orden en el lugar, inform\u00f3 AP, la cual cit\u00f3 a fuentes del Pent\u00e1gono.\n   Woodrow Kusse, jefe de la Agencia de la Fuerza de Protecci\u00f3n del Pent\u00e1gono, dijo que el oficial \"fue atacado en la plataforma del Metro Bus\" y \"hubo intercambio de disparos\".\n   El Departamento de Bomberos del condado de Arlington inform\u00f3 sobre \"m\u00faltiples pacientes\", pero no se precis\u00f3 de inmediato si ten\u00edan relaci\u00f3n con el incidente.\n   El Pent\u00e1gono fue cerrado despu\u00e9s del tiroteo y reabierto una hora y media m\u00e1s tarde.\n   \"El Pent\u00e1gono suspendi\u00f3 el cierre y ya reabri\u00f3\", dijo hoy por la tarde en Twitter la Agencia de la Fuerza de Protecci\u00f3n del Pent\u00e1gono. \"Solicitamos a todos mantenerse alejados de la entrada del Metro y la zona de la plataforma de autobuses\".\n   La autoridad de tr\u00e1nsito de la zona metropolitana de Washington se\u00f1al\u00f3 que los trenes y autobuses no est\u00e1n haciendo paradas en el centro de tr\u00e1nsito por causa de la investigaci\u00f3n.\n   La plataforma del Metro Bus, una importante entrada al Pent\u00e1gono, es utilizada a diario por m\u00faltiples l\u00edneas de autobuses de la zona. <\/pre>\n\n\n\n<figure class=\"wp-block-image size-large\"><img loading=\"lazy\" decoding=\"async\" width=\"540\" height=\"405\" src=\"https:\/\/diariodominicano.com\/wp-content\/uploads\/2021\/08\/plataforma-metro-bus-tiroteo3-8-21.jpg\" alt=\"\" class=\"wp-image-290581\" srcset=\"https:\/\/diariodominicano.com\/wp-content\/uploads\/2021\/08\/plataforma-metro-bus-tiroteo3-8-21.jpg 540w, https:\/\/diariodominicano.com\/wp-content\/uploads\/2021\/08\/plataforma-metro-bus-tiroteo3-8-21-300x225.jpg 300w\" sizes=\"auto, (max-width: 540px) 100vw, 540px\" \/><\/figure>\n","protected":false},"excerpt":{"rendered":"<p>diariodominicano.com WASHINGTON, 3 ago (Xinhua) &#8212; Un oficial de polic\u00eda muri\u00f3 hoy despu\u00e9s de un tiroteo ocurrido en la plataforma del Metro Bus afuera del Pent\u00e1gono, informaron las autoridades. El oficial fue apu\u00f1alado y m\u00e1s tarde perdi\u00f3 la vida. El agresor fue abatido por otros elementos del orden en el lugar, inform\u00f3 AP, la cual [&hellip;]<\/p>\n","protected":false},"author":5,"featured_media":290577,"comment_status":"closed","ping_status":"","sticky":true,"template":"","format":"standard","meta":{"footnotes":""},"categories":[23,27],"tags":[],"class_list":["post-290576","post","type-post","status-publish","format-standard","has-post-thumbnail","hentry","category-internacional","category-portada"],"_links":{"self":[{"href":"https:\/\/diariodominicano.com\/index.php?rest_route=\/wp\/v2\/posts\/290576","targetHints":{"allow":["GET"]}}],"collection":[{"href":"https:\/\/diariodominicano.com\/index.php?rest_route=\/wp\/v2\/posts"}],"about":[{"href":"https:\/\/diariodominicano.com\/index.php?rest_route=\/wp\/v2\/types\/post"}],"author":[{"embeddable":true,"href":"https:\/\/diariodominicano.com\/index.php?rest_route=\/wp\/v2\/users\/5"}],"replies":[{"embeddable":true,"href":"https:\/\/diariodominicano.com\/index.php?rest_route=%2Fwp%2Fv2%2Fcomments&post=290576"}],"version-history":[{"count":3,"href":"https:\/\/diariodominicano.com\/index.php?rest_route=\/wp\/v2\/posts\/290576\/revisions"}],"predecessor-version":[{"id":290582,"href":"https:\/\/diariodominicano.com\/index.php?rest_route=\/wp\/v2\/posts\/290576\/revisions\/290582"}],"wp:featuredmedia":[{"embeddable":true,"href":"https:\/\/diariodominicano.com\/index.php?rest_route=\/wp\/v2\/media\/290577"}],"wp:attachment":[{"href":"https:\/\/diariodominicano.com\/index.php?rest_route=%2Fwp%2Fv2%2Fmedia&parent=290576"}],"wp:term":[{"taxonomy":"category","embeddable":true,"href":"https:\/\/diariodominicano.com\/index.php?rest_route=%2Fwp%2Fv2%2Fcategories&post=290576"},{"taxonomy":"post_tag","embeddable":true,"href":"https:\/\/diariodominicano.com\/index.php?rest_route=%2Fwp%2Fv2%2Ftags&post=290576"}],"curies":[{"name":"wp","href":"https:\/\/api.w.org\/{rel}","templated":true}]}}