{"id":290556,"date":"2021-08-03T21:02:41","date_gmt":"2021-08-04T01:02:41","guid":{"rendered":"http:\/\/diariodominicano.com\/?p=290556"},"modified":"2021-08-04T00:03:06","modified_gmt":"2021-08-04T04:03:06","slug":"ruben-camilo","status":"publish","type":"post","link":"https:\/\/diariodominicano.com\/?p=290556","title":{"rendered":"En otro orden:"},"content":{"rendered":"\n<p>Por Rub\u00e9n Camilo <\/p>\n\n\n\n<p id=\"block-7e0da20e-82fb-4db9-96aa-ddf09bd87698\">Cuando la decisi\u00f3n de un hombre cambia el curso de la historia, y por ende, caba su propia tumba. <\/p>\n\n\n\n<p id=\"block-8ab9b55b-22d6-4321-b4b5-ca1fa7f1d10e\"><br>Esto lo digo por Danilo Medina. Si hubiese actuado de manera instituci onal , sin resentimientos, y apegado a la historia, hoy fuera un referente a tomar en cuenta.<br>Lamentablemente, Danilo err\u00f3 el tiro. En el 2016, cuando modific\u00f3 la constituci\u00f3n, algo en lo que muchos estuvimos de acuerdo, aunque no en la forma, debi\u00f3 ah\u00ed mismo, en esa modificaci\u00f3n, quitar el \u201cnunca jam\u00e1s \u201c o sea, dos per\u00edodos consecutivos, y luego volver si las circunstancias as\u00ed lo requer\u00edan, pero no lo hizo, porque el prop\u00f3sito era otro.<\/p>\n\n\n\n<p id=\"block-c25d4788-bd9f-4f9a-a259-950fb5bf879c\"><br>Nunca respet\u00f3 los acuerdos de 15 puntos, aprobados en aquella famosa reuni\u00f3n de mayo 2015 del Comit\u00e9 Pol\u00edtico. Lo qu\u00e9 pas\u00f3 despu\u00e9s, todos lo conocemos.<\/p>\n\n\n\n<p id=\"block-0fe522bb-0200-41c5-a826-1edb63ebae97\"><br>En resumen: Si Danilo hubiese hecho lo correcto, y se somete a los lineamientos del partido, hoy la historia hubiese sido otra.<\/p>\n","protected":false},"excerpt":{"rendered":"<p>Por Rub\u00e9n Camilo Cuando la decisi\u00f3n de un hombre cambia el curso de la historia, y por ende, caba su propia tumba. Esto lo digo por Danilo Medina. Si hubiese actuado de manera instituci onal , sin resentimientos, y apegado a la historia, hoy fuera un referente a tomar en cuenta.Lamentablemente, Danilo err\u00f3 el tiro. [&hellip;]<\/p>\n","protected":false},"author":7,"featured_media":290568,"comment_status":"closed","ping_status":"","sticky":true,"template":"","format":"standard","meta":{"footnotes":""},"categories":[19,27],"tags":[],"class_list":["post-290556","post","type-post","status-publish","format-standard","has-post-thumbnail","hentry","category-mi-voz","category-portada"],"_links":{"self":[{"href":"https:\/\/diariodominicano.com\/index.php?rest_route=\/wp\/v2\/posts\/290556","targetHints":{"allow":["GET"]}}],"collection":[{"href":"https:\/\/diariodominicano.com\/index.php?rest_route=\/wp\/v2\/posts"}],"about":[{"href":"https:\/\/diariodominicano.com\/index.php?rest_route=\/wp\/v2\/types\/post"}],"author":[{"embeddable":true,"href":"https:\/\/diariodominicano.com\/index.php?rest_route=\/wp\/v2\/users\/7"}],"replies":[{"embeddable":true,"href":"https:\/\/diariodominicano.com\/index.php?rest_route=%2Fwp%2Fv2%2Fcomments&post=290556"}],"version-history":[{"count":3,"href":"https:\/\/diariodominicano.com\/index.php?rest_route=\/wp\/v2\/posts\/290556\/revisions"}],"predecessor-version":[{"id":290617,"href":"https:\/\/diariodominicano.com\/index.php?rest_route=\/wp\/v2\/posts\/290556\/revisions\/290617"}],"wp:featuredmedia":[{"embeddable":true,"href":"https:\/\/diariodominicano.com\/index.php?rest_route=\/wp\/v2\/media\/290568"}],"wp:attachment":[{"href":"https:\/\/diariodominicano.com\/index.php?rest_route=%2Fwp%2Fv2%2Fmedia&parent=290556"}],"wp:term":[{"taxonomy":"category","embeddable":true,"href":"https:\/\/diariodominicano.com\/index.php?rest_route=%2Fwp%2Fv2%2Fcategories&post=290556"},{"taxonomy":"post_tag","embeddable":true,"href":"https:\/\/diariodominicano.com\/index.php?rest_route=%2Fwp%2Fv2%2Ftags&post=290556"}],"curies":[{"name":"wp","href":"https:\/\/api.w.org\/{rel}","templated":true}]}}