{"id":290530,"date":"2021-08-03T18:36:57","date_gmt":"2021-08-03T22:36:57","guid":{"rendered":"http:\/\/diariodominicano.com\/?p=290530"},"modified":"2021-08-03T18:36:57","modified_gmt":"2021-08-03T22:36:57","slug":"rosalia-sosa-es-proclamada-candidata-a-vicerrectora-de-extension-de-la-uasd-por-aspirante-a-rector-editrudis-beltran-y-ex-rectores","status":"publish","type":"post","link":"https:\/\/diariodominicano.com\/?p=290530","title":{"rendered":"Rosal\u00eda Sosa es proclamada candidata a Vicerrectora de Extensi\u00f3n de la UASD por aspirante a rector Editrudis Beltr\u00e1n y ex rectores"},"content":{"rendered":"\n<p>diariodominicano.com<\/p>\n\n\n\n<p>Santo Domingo, R. D., 2 de agosto, 2021.-  La Vicedecana de la Facultad de Ciencias Jur\u00eddicas y Pol\u00edticas de la Universidad Aut\u00f3noma de Santo Domingo (UASD), doctora Rosal\u00eda Sosa, recibi\u00f3 un masivo respaldo de ex rectores, decanos, directores y cientos de maestros como candidata a la Vicerrector\u00eda de Extensi\u00f3n de esa academia superior, con miras a las elecciones del a\u00f1o pr\u00f3ximo.<\/p>\n\n\n\n<p>Durante un acto efectuado en el Hotel Crowne Plaza, la jurista y acad\u00e9mica recibi\u00f3 el respaldo del candidato a rector de la UASD, Editrudis Beltr\u00e1n, del ex rector Iv\u00e1n Grull\u00f3n Fern\u00e1ndez y Franklin Garc\u00eda Ferm\u00edn; de los&nbsp;tambi\u00e9n candidatos vicerrectores docente, Wilson Mej\u00eda; administrativo, Ram\u00f3n Desangles; de investigaci\u00f3n y postgrado, Radham\u00e9s Silverio, y cientos de profesores.<\/p>\n\n\n\n<p>El acto se inici\u00f3 con la interpretaci\u00f3n del Himno Nacional dominicano, a cargo de los reconocidos directores de orquesta, Ram\u00f3n Orlando y Pochi Familia, as\u00ed como de Chuky Acosta, del Conjunto Quisqueya.<\/p>\n\n\n\n<p>El candidato a rector Editrudis Beltr\u00e1n afirm\u00f3 que Sosa no solo es una ferviente acad\u00e9mica y comprometida docente, sino una activista promotora del ejercicio ciudadano responsable, honesto y transparente.<\/p>\n\n\n\n<p>\u201cRosal\u00eda, su presencia en este equipo representa la visi\u00f3n de la mujer uasdiana, de la docente de la UASD\u2026demos la bienvenida a la pr\u00f3xima vicerrectora de Extensi\u00f3n\u201d, recalc\u00f3.<\/p>\n\n\n\n<p>Tras agradecer el respaldo recibido, Rosa se declar\u00f3 compromisaria de que&nbsp;la UASD se convierta en una universidad de prestigio y reconocimiento nacional e internacional, y que realmente contribuya con el desarrollo, el progreso y el bienestar de los dominicanos.<\/p>\n\n\n\n<p>\u201cComo les mencion\u00e9 en la introducci\u00f3n, tengo 28 a\u00f1os de servicio ininterrumpido en la Universidad Aut\u00f3noma de Santo Domingo, iniciando claro est\u00e1 como docente, asistente del Instituto de Criminolog\u00eda, Coordinadora de c\u00e1tedra, tambi\u00e9n como responsable honor\u00edfica de la C\u00e1tedra UASD-UNESCO: Cultura de Paz, Derechos Humanos y Democracia\u201d, adujo.<\/p>\n\n\n\n<p>Asimismo, record\u00f3 que fue directora&nbsp;de la Divisi\u00f3n de Postgrado de la FCJP, coordinadora de la primera especialidad y posterior maestr\u00eda en derecho penal, en donde la Facultad jug\u00f3 un papel importante en la formaci\u00f3n de la comunidad jur\u00eddica frente a los retos de la reforma de la justicia penal.<\/p>\n\n\n\n<p>Tambi\u00e9n fungi\u00f3 como coordinadora general de los masters y doctorados de la Universidad del Pa\u00eds Vasco y con el respaldo de los maestros ostenta actualmente el cargo de Vicedecana de la Facultad de Ciencias Jur\u00eddicas y Pol\u00edticas.<\/p>\n\n\n\n<div class=\"wp-block-image\"><figure class=\"alignleft size-large is-resized\"><img loading=\"lazy\" decoding=\"async\" src=\"https:\/\/diariodominicano.com\/wp-content\/uploads\/2021\/08\/Uasd-Rosalia-3-8-21-1024x423.jpg\" alt=\"\" class=\"wp-image-290532\" width=\"356\" height=\"147\" srcset=\"https:\/\/diariodominicano.com\/wp-content\/uploads\/2021\/08\/Uasd-Rosalia-3-8-21-1024x423.jpg 1024w, https:\/\/diariodominicano.com\/wp-content\/uploads\/2021\/08\/Uasd-Rosalia-3-8-21-300x124.jpg 300w, https:\/\/diariodominicano.com\/wp-content\/uploads\/2021\/08\/Uasd-Rosalia-3-8-21-768x317.jpg 768w, https:\/\/diariodominicano.com\/wp-content\/uploads\/2021\/08\/Uasd-Rosalia-3-8-21-1536x635.jpg 1536w, https:\/\/diariodominicano.com\/wp-content\/uploads\/2021\/08\/Uasd-Rosalia-3-8-21-2048x847.jpg 2048w, https:\/\/diariodominicano.com\/wp-content\/uploads\/2021\/08\/Uasd-Rosalia-3-8-21-816x337.jpg 816w\" sizes=\"auto, (max-width: 356px) 100vw, 356px\" \/><\/figure><\/div>\n\n\n\n<p>\u201cMuchos docentes y miembros de la sociedad civil opinan que hay que reorientar el concepto de extensi\u00f3n, entendido como transferencia de saberes hacia un di\u00e1logo sincero de intercambio del conocimiento y del aprendizaje rec\u00edproco, es decir, que en dicho proceso se produzca ese di\u00e1logo de la Universidad con la sociedad y de la sociedad con la Universidad\u201d, adujo.<\/p>\n\n\n\n<p>La acad\u00e9mica y ex directora ejecutiva del movimiento no partidista Participaci\u00f3n Ciudadana entiende que la UASD no puede estar de espaldas a la sociedad en el intercambio de saberes.<\/p>\n\n\n\n<p>Rosa fue presentada en el acto por el decano de la Facultad de Humanidades de la UASD, Augusto Bravo, quien declin\u00f3 de sus aspiraciones para apoyarla, destacando sus dotes de gran acad\u00e9mica y el significado ser escogida como Vicerrectora. La bendici\u00f3n del acto estuvo a cargo de la maestra \u00c1ngela N\u00fa\u00f1ez.<\/p>\n\n\n\n<p>PIE DE FOTO:<\/p>\n\n\n\n<p>Rosal\u00eda Sosa recibi\u00f3 el respaldo del candidato a rector de la UASD, Editrudis Beltr\u00e1n, de los ex rectores Iv\u00e1n Grull\u00f3n Fern\u00e1ndez y Franklin Garc\u00eda Ferm\u00edn.<\/p>\n\n\n\n<p>Fuente:  Federico M\u00e9ndez Nova<\/p>\n","protected":false},"excerpt":{"rendered":"<p>diariodominicano.com Santo Domingo, R. D., 2 de agosto, 2021.- La Vicedecana de la Facultad de Ciencias Jur\u00eddicas y Pol\u00edticas de la Universidad Aut\u00f3noma de Santo Domingo (UASD), doctora Rosal\u00eda Sosa, recibi\u00f3 un masivo respaldo de ex rectores, decanos, directores y cientos de maestros como candidata a la Vicerrector\u00eda de Extensi\u00f3n de esa academia superior, con [&hellip;]<\/p>\n","protected":false},"author":5,"featured_media":290531,"comment_status":"closed","ping_status":"","sticky":true,"template":"","format":"standard","meta":{"footnotes":""},"categories":[20,27],"tags":[],"class_list":["post-290530","post","type-post","status-publish","format-standard","has-post-thumbnail","hentry","category-dominicana-hoy","category-portada"],"_links":{"self":[{"href":"https:\/\/diariodominicano.com\/index.php?rest_route=\/wp\/v2\/posts\/290530","targetHints":{"allow":["GET"]}}],"collection":[{"href":"https:\/\/diariodominicano.com\/index.php?rest_route=\/wp\/v2\/posts"}],"about":[{"href":"https:\/\/diariodominicano.com\/index.php?rest_route=\/wp\/v2\/types\/post"}],"author":[{"embeddable":true,"href":"https:\/\/diariodominicano.com\/index.php?rest_route=\/wp\/v2\/users\/5"}],"replies":[{"embeddable":true,"href":"https:\/\/diariodominicano.com\/index.php?rest_route=%2Fwp%2Fv2%2Fcomments&post=290530"}],"version-history":[{"count":1,"href":"https:\/\/diariodominicano.com\/index.php?rest_route=\/wp\/v2\/posts\/290530\/revisions"}],"predecessor-version":[{"id":290533,"href":"https:\/\/diariodominicano.com\/index.php?rest_route=\/wp\/v2\/posts\/290530\/revisions\/290533"}],"wp:featuredmedia":[{"embeddable":true,"href":"https:\/\/diariodominicano.com\/index.php?rest_route=\/wp\/v2\/media\/290531"}],"wp:attachment":[{"href":"https:\/\/diariodominicano.com\/index.php?rest_route=%2Fwp%2Fv2%2Fmedia&parent=290530"}],"wp:term":[{"taxonomy":"category","embeddable":true,"href":"https:\/\/diariodominicano.com\/index.php?rest_route=%2Fwp%2Fv2%2Fcategories&post=290530"},{"taxonomy":"post_tag","embeddable":true,"href":"https:\/\/diariodominicano.com\/index.php?rest_route=%2Fwp%2Fv2%2Ftags&post=290530"}],"curies":[{"name":"wp","href":"https:\/\/api.w.org\/{rel}","templated":true}]}}