{"id":290502,"date":"2021-08-03T17:56:44","date_gmt":"2021-08-03T21:56:44","guid":{"rendered":"http:\/\/diariodominicano.com\/?p=290502"},"modified":"2021-08-03T18:06:01","modified_gmt":"2021-08-03T22:06:01","slug":"john-maxwell-cuando-un-pais-tiene-buenos-lideres-es-un-pais-bendecido-adn-recibe-al-conferencista-y-realiza-charla-con-directores","status":"publish","type":"post","link":"https:\/\/diariodominicano.com\/?p=290502","title":{"rendered":"John Maxwell: \u201cCuando un pa\u00eds tiene buenos l\u00edderes es un pa\u00eds bendecido\u201d ADN recibe al conferencista y realiza charla con directores"},"content":{"rendered":"\n<p>diariodominicano.com<strong>&nbsp;<\/strong><\/p>\n\n\n\n<p>Santo Domingo, R. D.,  3 de agosto, 2021.- El equipo directivo de la Alcald\u00eda del Distrito Nacional (ADN), encabezado por la alcaldesa Carolina Mej\u00eda, participaron de una conferencia sobre liderazgo transformacional con el coach internacional John Maxwell.&nbsp;<\/p>\n\n\n\n<div class=\"wp-block-image\"><figure class=\"alignleft size-large is-resized\"><img loading=\"lazy\" decoding=\"async\" src=\"https:\/\/diariodominicano.com\/wp-content\/uploads\/2021\/08\/Carolinay-Maxuell-2021-08-03-1024x682.jpeg\" alt=\"\" class=\"wp-image-290503\" width=\"252\" height=\"167\" srcset=\"https:\/\/diariodominicano.com\/wp-content\/uploads\/2021\/08\/Carolinay-Maxuell-2021-08-03-1024x682.jpeg 1024w, https:\/\/diariodominicano.com\/wp-content\/uploads\/2021\/08\/Carolinay-Maxuell-2021-08-03-300x200.jpeg 300w, https:\/\/diariodominicano.com\/wp-content\/uploads\/2021\/08\/Carolinay-Maxuell-2021-08-03-768x512.jpeg 768w, https:\/\/diariodominicano.com\/wp-content\/uploads\/2021\/08\/Carolinay-Maxuell-2021-08-03-816x544.jpeg 816w, https:\/\/diariodominicano.com\/wp-content\/uploads\/2021\/08\/Carolinay-Maxuell-2021-08-03.jpeg 1280w\" sizes=\"auto, (max-width: 252px) 100vw, 252px\" \/><figcaption>John Maxwell y Carolina Mej\u00eda<\/figcaption><\/figure><\/div>\n\n\n\n<p>Maxwell, quien se encuentra en el pa\u00eds con su equipo agotando una agenda de encuentros en el marco de la iniciativa Dominicana se Transforma de la mano de su fundaci\u00f3n, convers\u00f3 con los directores y las directoras del cabildo acerca de su historia como l\u00edder y coach, sus experiencias, en temas de liderazgo y las oportunidades de cambio que cada persona puede promover desde su plataforma y escenario.&nbsp;<\/p>\n\n\n\n<p><br>\u201cTodo crece, se levanta o cae basado en el liderazgo. Cuando un pa\u00eds tiene buenos l\u00edderes es un pa\u00eds bendecido. Cuando una ciudad tiene buenos l\u00edderes es bendecida. En la ciudad de Santo Domingo son bendecidos\u201d, resalt\u00f3.&nbsp;<\/p>\n\n\n\n<div class=\"wp-block-image\"><figure class=\"alignright size-large is-resized\"><img loading=\"lazy\" decoding=\"async\" src=\"https:\/\/diariodominicano.com\/wp-content\/uploads\/2021\/08\/John-Maxwell-y-Carolina-Mejia2021-08-03--682x1024.jpeg\" alt=\"\" class=\"wp-image-290505\" width=\"238\" height=\"359\"\/><figcaption> John  Maxwell y Carolina Mej\u00eda en recorrido por Ciudad Colonial.  El jueves 5 de agosto Santo Domingo, la ciudad Primada de Am\u00e9rica estar\u00e1 conmemorando su 523 aniversario&nbsp;<\/figcaption><\/figure><\/div>\n\n\n\n<p><br>El potencial de trabajar empleando valores positivos asegura a cualquier l\u00edder poder crear cambios positivos en los espacios en que se desarrolle, as\u00ed lo explic\u00f3.&nbsp;<br>El tambi\u00e9n escritor de libros elogi\u00f3 la forma de influir y liderar de la alcaldesa Mej\u00eda, y el trabajo que ha venido realizando junto a su equipo logrando grandes transformaciones en la ciudad.&nbsp;<\/p>\n\n\n\n<p><br>\u201cNosotros estamos entusiasmados de tenerlo aqu\u00ed en nuestra ciudad y en nuestro pa\u00eds. Es una bendici\u00f3n para la ciudad de Santo Domingo escuchar hoy de sus experiencias, de sus consejos. Que pasen un tiempo precioso en nuestra ciudad, en nuestro pa\u00eds, y que vuelvan pronto\u201d, expres\u00f3 la titular del cabildo.&nbsp;<\/p>\n\n\n\n<p><br>Mej\u00eda y Maxwell sostuvieron, adem\u00e1s, un encuentro donde conversaron sobre el desarrollo de proyectos en conjunto y adem\u00e1s realizaron un recorrido por Ciudad Colonial, destacando que este pr\u00f3ximo jueves 5 de agosto Santo Domingo, la ciudad Primada de Am\u00e9rica estar\u00e1 conmemorando su 523 aniversario.&nbsp;<\/p>\n\n\n\n<p>Fuente:  <strong>Comunicaciones ADN<\/strong><br><strong>Direcci\u00f3n de Comunicaciones ADN3 de agosto, 2021<\/strong><\/p>\n","protected":false},"excerpt":{"rendered":"<p>diariodominicano.com&nbsp; Santo Domingo, R. D., 3 de agosto, 2021.- El equipo directivo de la Alcald\u00eda del Distrito Nacional (ADN), encabezado por la alcaldesa Carolina Mej\u00eda, participaron de una conferencia sobre liderazgo transformacional con el coach internacional John Maxwell.&nbsp; Maxwell, quien se encuentra en el pa\u00eds con su equipo agotando una agenda de encuentros en el [&hellip;]<\/p>\n","protected":false},"author":5,"featured_media":290517,"comment_status":"closed","ping_status":"","sticky":true,"template":"","format":"standard","meta":{"footnotes":""},"categories":[27],"tags":[],"class_list":["post-290502","post","type-post","status-publish","format-standard","has-post-thumbnail","hentry","category-portada"],"_links":{"self":[{"href":"https:\/\/diariodominicano.com\/index.php?rest_route=\/wp\/v2\/posts\/290502","targetHints":{"allow":["GET"]}}],"collection":[{"href":"https:\/\/diariodominicano.com\/index.php?rest_route=\/wp\/v2\/posts"}],"about":[{"href":"https:\/\/diariodominicano.com\/index.php?rest_route=\/wp\/v2\/types\/post"}],"author":[{"embeddable":true,"href":"https:\/\/diariodominicano.com\/index.php?rest_route=\/wp\/v2\/users\/5"}],"replies":[{"embeddable":true,"href":"https:\/\/diariodominicano.com\/index.php?rest_route=%2Fwp%2Fv2%2Fcomments&post=290502"}],"version-history":[{"count":2,"href":"https:\/\/diariodominicano.com\/index.php?rest_route=\/wp\/v2\/posts\/290502\/revisions"}],"predecessor-version":[{"id":290518,"href":"https:\/\/diariodominicano.com\/index.php?rest_route=\/wp\/v2\/posts\/290502\/revisions\/290518"}],"wp:featuredmedia":[{"embeddable":true,"href":"https:\/\/diariodominicano.com\/index.php?rest_route=\/wp\/v2\/media\/290517"}],"wp:attachment":[{"href":"https:\/\/diariodominicano.com\/index.php?rest_route=%2Fwp%2Fv2%2Fmedia&parent=290502"}],"wp:term":[{"taxonomy":"category","embeddable":true,"href":"https:\/\/diariodominicano.com\/index.php?rest_route=%2Fwp%2Fv2%2Fcategories&post=290502"},{"taxonomy":"post_tag","embeddable":true,"href":"https:\/\/diariodominicano.com\/index.php?rest_route=%2Fwp%2Fv2%2Ftags&post=290502"}],"curies":[{"name":"wp","href":"https:\/\/api.w.org\/{rel}","templated":true}]}}