{"id":290499,"date":"2021-08-03T17:19:27","date_gmt":"2021-08-03T21:19:27","guid":{"rendered":"http:\/\/diariodominicano.com\/?p=290499"},"modified":"2021-08-03T17:19:27","modified_gmt":"2021-08-03T21:19:27","slug":"jefe-de-onu-conmemora-aniversario-de-atrocidades-de-ei-contra-yazidies-en-irak","status":"publish","type":"post","link":"https:\/\/diariodominicano.com\/?p=290499","title":{"rendered":"Jefe de ONU conmemora aniversario de atrocidades de EI contra yazid\u00edes en Irak"},"content":{"rendered":"\n<p>diariodominicano.com<a rel=\"noreferrer noopener\" href=\"http:\/\/home.xinhua-news.com\/gdsdetailxhs\/share\/9778024-?pageflag=iframe\" target=\"_blank\"><\/a><\/p>\n\n\n\n<pre id=\"text-news-description\" class=\"wp-block-preformatted\">   NACIONES UNIDAS, 3 ago (Xinhua) -- El secretario general de Naciones Unidas, Ant\u00f3nio Guterres, pidi\u00f3 hoy justicia para los yazid\u00edes en el norte de Irak siete a\u00f1os despu\u00e9s de que el Estado Isl\u00e1mico (EI) cometi\u00f3 brutales atrocidades en su contra, dijo su portavoz.\n   El 3 de agosto se conmemora el s\u00e9ptimo aniversario de las atrocidades. Miles de yazid\u00edes fueron sometidos a una violencia inimaginable por causa de su identidad y hasta hoy muchos siguen en campamentos de desplazados o todav\u00eda est\u00e1n desaparecidos, indic\u00f3 el portavoz, Stephane Dujarric, en una declaraci\u00f3n.\n   Estos actos atroces cometidos por el EI pueden equivaler a cr\u00edmenes de guerra, cr\u00edmenes contra la humanidad y genocidio. La plena rendici\u00f3n de cuentas de los perpetradores sigue siendo esencial. Apoyar los esfuerzos del Gobierno iraqu\u00ed para garantizar la rendici\u00f3n de cuentas y proteger los derechos humanos siguen siendo una prioridad de Naciones Unidas, de conformidad con la responsabilidad colectiva de proteger a las comunidades de los cr\u00edmenes m\u00e1s graves conforme al derecho internacional, dijo el portavoz.\n   \"Tras reconocer el dolor y el valor de los yazid\u00edes, la recuperaci\u00f3n y la rehabilitaci\u00f3n siguen siendo una prioridad. Por ello, el secretario general elogia la reciente promulgaci\u00f3n de la Ley de Supervivientes Yazid\u00edes por parte del Gobierno de Irak y su reconocimiento de los cr\u00edmenes cometidos por el ISIL (otro acr\u00f3nimo del EI) contra los yazid\u00edes y otras comunidades. (Guterres) alienta su r\u00e1pida y plena implementaci\u00f3n\", dijo Dujarric.\n   \"En este sombr\u00edo aniversario, la Organizaci\u00f3n de las Naciones Unidas sigue completamente comprometida con apoyar todos los esfuerzos para lograr la rendici\u00f3n de cuentas y la justicia\", dijo el portavoz. <\/pre>\n","protected":false},"excerpt":{"rendered":"<p>diariodominicano.com NACIONES UNIDAS, 3 ago (Xinhua) &#8212; El secretario general de Naciones Unidas, Ant\u00f3nio Guterres, pidi\u00f3 hoy justicia para los yazid\u00edes en el norte de Irak siete a\u00f1os despu\u00e9s de que el Estado Isl\u00e1mico (EI) cometi\u00f3 brutales atrocidades en su contra, dijo su portavoz. El 3 de agosto se conmemora el s\u00e9ptimo aniversario de las [&hellip;]<\/p>\n","protected":false},"author":5,"featured_media":290500,"comment_status":"closed","ping_status":"","sticky":true,"template":"","format":"standard","meta":{"footnotes":""},"categories":[23,27],"tags":[],"class_list":["post-290499","post","type-post","status-publish","format-standard","has-post-thumbnail","hentry","category-internacional","category-portada"],"_links":{"self":[{"href":"https:\/\/diariodominicano.com\/index.php?rest_route=\/wp\/v2\/posts\/290499","targetHints":{"allow":["GET"]}}],"collection":[{"href":"https:\/\/diariodominicano.com\/index.php?rest_route=\/wp\/v2\/posts"}],"about":[{"href":"https:\/\/diariodominicano.com\/index.php?rest_route=\/wp\/v2\/types\/post"}],"author":[{"embeddable":true,"href":"https:\/\/diariodominicano.com\/index.php?rest_route=\/wp\/v2\/users\/5"}],"replies":[{"embeddable":true,"href":"https:\/\/diariodominicano.com\/index.php?rest_route=%2Fwp%2Fv2%2Fcomments&post=290499"}],"version-history":[{"count":1,"href":"https:\/\/diariodominicano.com\/index.php?rest_route=\/wp\/v2\/posts\/290499\/revisions"}],"predecessor-version":[{"id":290501,"href":"https:\/\/diariodominicano.com\/index.php?rest_route=\/wp\/v2\/posts\/290499\/revisions\/290501"}],"wp:featuredmedia":[{"embeddable":true,"href":"https:\/\/diariodominicano.com\/index.php?rest_route=\/wp\/v2\/media\/290500"}],"wp:attachment":[{"href":"https:\/\/diariodominicano.com\/index.php?rest_route=%2Fwp%2Fv2%2Fmedia&parent=290499"}],"wp:term":[{"taxonomy":"category","embeddable":true,"href":"https:\/\/diariodominicano.com\/index.php?rest_route=%2Fwp%2Fv2%2Fcategories&post=290499"},{"taxonomy":"post_tag","embeddable":true,"href":"https:\/\/diariodominicano.com\/index.php?rest_route=%2Fwp%2Fv2%2Ftags&post=290499"}],"curies":[{"name":"wp","href":"https:\/\/api.w.org\/{rel}","templated":true}]}}