{"id":290490,"date":"2021-08-03T16:52:06","date_gmt":"2021-08-03T20:52:06","guid":{"rendered":"http:\/\/diariodominicano.com\/?p=290490"},"modified":"2021-08-03T16:52:06","modified_gmt":"2021-08-03T20:52:06","slug":"exhortan-a-estadounidenses-a-utilizar-mascarilla-en-favor-de-bien-comun","status":"publish","type":"post","link":"https:\/\/diariodominicano.com\/?p=290490","title":{"rendered":"Exhortan a estadounidenses a utilizar mascarilla en favor de bien com\u00fan"},"content":{"rendered":"\n<h3 class=\"wp-block-heading\">diariodominicano.com<a rel=\"noreferrer noopener\" href=\"http:\/\/home.xinhua-news.com\/gdsdetailxhs\/share\/9778051-?pageflag=iframe\" target=\"_blank\"><\/a><\/h3>\n\n\n\n<pre id=\"text-news-description\" class=\"wp-block-preformatted\">   NUEVA YORK, 3 ago (Xinhua) -- Despu\u00e9s de m\u00e1s de 18 meses de pandemia de COVID-19, una parte significativa de la poblaci\u00f3n estadounidense sigue haciendo valer su propia libertad individual sobre el bien com\u00fan al negarse a utilizar mascarilla o a vacunarse, lo cual debe revertirse lo antes posible, dijo hoy USA Today.\n   Soci\u00f3logos, eruditos legales, expertos en salud p\u00fablica y fil\u00f3sofos se preguntan en qu\u00e9 momento deben los derechos individuales ceder ante el inter\u00e9s p\u00fablico, se\u00f1al\u00f3 el diario en un informe, en el que se pregunta cu\u00e1ntas muertes por COVID-19 se necesitan para hacer cambiar de opini\u00f3n a estos estadounidenses.\n   \"Actualmente, millones de residentes de Estados Unidos rechazan vacunas que han demostrado ser muy efectivas y se resisten a las mascarillas que evitan el contagio, oponi\u00e9ndose ferozmente a las restricciones gubernamentales\", indic\u00f3 el diario.\n   \"Otros piden regulaciones y afirman que quienes no toman precauciones est\u00e1n violando sus derechos y amenazando la libertad de vivir de todas las personas a las que exponen\", a\u00f1adi\u00f3.\n   El domingo, Anthony Fauci, el m\u00e1ximo experto en enfermedades contagiosas del pa\u00eds, dijo sentirse \"muy frustrado\" por la situaci\u00f3n actual de la pandemia.\n   Fauci se\u00f1al\u00f3 que Estados Unidos se encuentra en un \"apuro innecesario\" por el aumento de casos y que va \"en la direcci\u00f3n equivocada\". <\/pre>\n","protected":false},"excerpt":{"rendered":"<p>diariodominicano.com NUEVA YORK, 3 ago (Xinhua) &#8212; Despu\u00e9s de m\u00e1s de 18 meses de pandemia de COVID-19, una parte significativa de la poblaci\u00f3n estadounidense sigue haciendo valer su propia libertad individual sobre el bien com\u00fan al negarse a utilizar mascarilla o a vacunarse, lo cual debe revertirse lo antes posible, dijo hoy USA Today. Soci\u00f3logos, [&hellip;]<\/p>\n","protected":false},"author":5,"featured_media":290491,"comment_status":"closed","ping_status":"","sticky":true,"template":"","format":"standard","meta":{"footnotes":""},"categories":[23,27],"tags":[],"class_list":["post-290490","post","type-post","status-publish","format-standard","has-post-thumbnail","hentry","category-internacional","category-portada"],"_links":{"self":[{"href":"https:\/\/diariodominicano.com\/index.php?rest_route=\/wp\/v2\/posts\/290490","targetHints":{"allow":["GET"]}}],"collection":[{"href":"https:\/\/diariodominicano.com\/index.php?rest_route=\/wp\/v2\/posts"}],"about":[{"href":"https:\/\/diariodominicano.com\/index.php?rest_route=\/wp\/v2\/types\/post"}],"author":[{"embeddable":true,"href":"https:\/\/diariodominicano.com\/index.php?rest_route=\/wp\/v2\/users\/5"}],"replies":[{"embeddable":true,"href":"https:\/\/diariodominicano.com\/index.php?rest_route=%2Fwp%2Fv2%2Fcomments&post=290490"}],"version-history":[{"count":1,"href":"https:\/\/diariodominicano.com\/index.php?rest_route=\/wp\/v2\/posts\/290490\/revisions"}],"predecessor-version":[{"id":290492,"href":"https:\/\/diariodominicano.com\/index.php?rest_route=\/wp\/v2\/posts\/290490\/revisions\/290492"}],"wp:featuredmedia":[{"embeddable":true,"href":"https:\/\/diariodominicano.com\/index.php?rest_route=\/wp\/v2\/media\/290491"}],"wp:attachment":[{"href":"https:\/\/diariodominicano.com\/index.php?rest_route=%2Fwp%2Fv2%2Fmedia&parent=290490"}],"wp:term":[{"taxonomy":"category","embeddable":true,"href":"https:\/\/diariodominicano.com\/index.php?rest_route=%2Fwp%2Fv2%2Fcategories&post=290490"},{"taxonomy":"post_tag","embeddable":true,"href":"https:\/\/diariodominicano.com\/index.php?rest_route=%2Fwp%2Fv2%2Ftags&post=290490"}],"curies":[{"name":"wp","href":"https:\/\/api.w.org\/{rel}","templated":true}]}}