{"id":290476,"date":"2021-08-03T16:01:22","date_gmt":"2021-08-03T20:01:22","guid":{"rendered":"http:\/\/diariodominicano.com\/?p=290476"},"modified":"2021-08-03T16:01:22","modified_gmt":"2021-08-03T20:01:22","slug":"incendios-forestales-en-suroeste-de-turquia-afectan-nuevas-zonas-residenciales-y-conducen-a-evacuaciones","status":"publish","type":"post","link":"https:\/\/diariodominicano.com\/?p=290476","title":{"rendered":"Incendios forestales en suroeste de Turqu\u00eda afectan nuevas zonas residenciales y conducen a evacuaciones"},"content":{"rendered":"\n<p>diariodominicano.com<a rel=\"noreferrer noopener\" href=\"http:\/\/home.xinhua-news.com\/gdsdetailxhs\/share\/9778087-?pageflag=iframe\" target=\"_blank\"><\/a><\/p>\n\n\n\n<pre id=\"text-news-description\" class=\"wp-block-preformatted\">   ESTAMBUL, 3 ago (Xinhua) -- Los incendios forestales en la provincia sudoccidental turca de Mugla alcanzaron hoy varias nuevas zonas residenciales, lo que condujo a nuevas evacuaciones.\n   En im\u00e1genes mostradas por medios locales se ven casas arrasadas por las llamas en algunos barrios del distrito de Milas.\n   \"En Milas, el viento es tan fuerte que s\u00f3lo se requirieron 15 minutos para que el fuego calcinara un peque\u00f1o asentamiento de 30 casas\", dijo un residente del barrio de Turkevleri de nombre Firat en su cuenta de redes sociales.\n    Firat agreg\u00f3 que tanto \u00e9l como otros residentes fueron evacuados por barcos de la Guardia Costera. El alcalde de Milas, Muhammet Tokat, se\u00f1al\u00f3 que ahora las llamas amenazan una central termoel\u00e9ctrica que suministra electricidad a la regi\u00f3n. \n   \"No quer\u00eda decir esto, pero la central termoel\u00e9ctrica y el incendio est\u00e1n frente a frente por primera ocasi\u00f3n\", dijo Tokat en Twitter.\n   En algunas zonas de Bodrum, una de las principales atracciones tur\u00edsticas de Mugla, la situaci\u00f3n sigue siendo preocupante. Las llamas han llegado a una importante autopista, lo cual ha afectado el tr\u00e1fico local.\n   Por otra parte, Fahrettin Altun, director de comunicaci\u00f3n de la presidencia turca, dijo que Turqu\u00eda ha controlado 147 de 156 incendios en los \u00faltimos siete d\u00edas y que nueve siniestros siguen activos.\n   El ministro de Relaciones Exteriores, Mevlut Cavusoglu, dijo a los reporteros en la provincia meridional de Antalya que el viento es muy fuerte en la regi\u00f3n y que la situaci\u00f3n tambi\u00e9n ser\u00e1 cr\u00edtica el mi\u00e9rcoles.\n   En la \u00faltima semana, Turqu\u00eda ha estado combatiendo enormes incendios forestales desencadenados en localidades tur\u00edsticas costeras del sur y el suroeste del pa\u00eds. Las llamas han cobrado hasta el momento ocho vidas. <\/pre>\n","protected":false},"excerpt":{"rendered":"<p>diariodominicano.com ESTAMBUL, 3 ago (Xinhua) &#8212; Los incendios forestales en la provincia sudoccidental turca de Mugla alcanzaron hoy varias nuevas zonas residenciales, lo que condujo a nuevas evacuaciones. En im\u00e1genes mostradas por medios locales se ven casas arrasadas por las llamas en algunos barrios del distrito de Milas. \u00abEn Milas, el viento es tan fuerte [&hellip;]<\/p>\n","protected":false},"author":5,"featured_media":290477,"comment_status":"closed","ping_status":"","sticky":true,"template":"","format":"standard","meta":{"footnotes":""},"categories":[23,27],"tags":[],"class_list":["post-290476","post","type-post","status-publish","format-standard","has-post-thumbnail","hentry","category-internacional","category-portada"],"_links":{"self":[{"href":"https:\/\/diariodominicano.com\/index.php?rest_route=\/wp\/v2\/posts\/290476","targetHints":{"allow":["GET"]}}],"collection":[{"href":"https:\/\/diariodominicano.com\/index.php?rest_route=\/wp\/v2\/posts"}],"about":[{"href":"https:\/\/diariodominicano.com\/index.php?rest_route=\/wp\/v2\/types\/post"}],"author":[{"embeddable":true,"href":"https:\/\/diariodominicano.com\/index.php?rest_route=\/wp\/v2\/users\/5"}],"replies":[{"embeddable":true,"href":"https:\/\/diariodominicano.com\/index.php?rest_route=%2Fwp%2Fv2%2Fcomments&post=290476"}],"version-history":[{"count":1,"href":"https:\/\/diariodominicano.com\/index.php?rest_route=\/wp\/v2\/posts\/290476\/revisions"}],"predecessor-version":[{"id":290478,"href":"https:\/\/diariodominicano.com\/index.php?rest_route=\/wp\/v2\/posts\/290476\/revisions\/290478"}],"wp:featuredmedia":[{"embeddable":true,"href":"https:\/\/diariodominicano.com\/index.php?rest_route=\/wp\/v2\/media\/290477"}],"wp:attachment":[{"href":"https:\/\/diariodominicano.com\/index.php?rest_route=%2Fwp%2Fv2%2Fmedia&parent=290476"}],"wp:term":[{"taxonomy":"category","embeddable":true,"href":"https:\/\/diariodominicano.com\/index.php?rest_route=%2Fwp%2Fv2%2Fcategories&post=290476"},{"taxonomy":"post_tag","embeddable":true,"href":"https:\/\/diariodominicano.com\/index.php?rest_route=%2Fwp%2Fv2%2Ftags&post=290476"}],"curies":[{"name":"wp","href":"https:\/\/api.w.org\/{rel}","templated":true}]}}