{"id":290469,"date":"2021-08-03T16:03:45","date_gmt":"2021-08-03T20:03:45","guid":{"rendered":"http:\/\/diariodominicano.com\/?p=290469"},"modified":"2021-08-03T16:18:01","modified_gmt":"2021-08-03T20:18:01","slug":"designan-nuevo-subdirector-de-la-revista-periodistas-y-escritores","status":"publish","type":"post","link":"https:\/\/diariodominicano.com\/?p=290469","title":{"rendered":"Designan nuevo subdirector de la revista \u201cPeriodistas y Escritores\u201d"},"content":{"rendered":"\n<p>El comit\u00e9 ejecutivo de la Asociaci\u00f3n de Escritores y Periodistas Dominicanos (ASEPED), nombro un nuevo subdirector de la Revista digital PERIODISTAS Y ESCRITORES. Se trata del escritor y promotor cultural Luis C\u00f3rdova, quien es adem\u00e1s coordinador de la ASEPED para la provincia de Santiago.<\/p>\n\n\n\n<p>La revista digital \u201cPERIODISTAS Y ESCRITORES\u201d, es el \u00f3rgano de difusi\u00f3n de la Asociaci\u00f3n de Escritores y Periodistas Dominicanos (ASEPED).<\/p>\n\n\n\n<p>La revista es un \u00f3rgano de difusi\u00f3n de la Asociaci\u00f3n de Escritores y Periodistas Dominicanos (ASEPED), entidad que agrupa en todo el territorio nacional a los cultores y trabajadores de la palabra escrita.<\/p>\n\n\n\n<p>Es una edici\u00f3n bimensual que sobrepasa las veinte ediciones y que contribuye a la difusi\u00f3n del talento de los y las escritores nacionales, con una distribuci\u00f3n masiva a toda la Rep\u00fablica Dominicana y Am\u00e9rica Latina, conformando una amplia red de contactos para su comunidad lectora.<\/p>\n\n\n\n<p>Se trata de la \u00fanica publicaci\u00f3n peri\u00f3dica dominicana que proyecta la actualidad literaria, difunde eventos literarios, da a conocer nuevas publicaciones, as\u00ed como promueve la cr\u00edtica y creaci\u00f3n de consagrados y n\u00f3veles poetas, ensayistas, narradores y periodistas.<\/p>\n\n\n\n<p>La designaci\u00f3n de Luis C\u00f3rdova obedece a un proceso de transformaci\u00f3n del \u00f3rgano que cuenta con en su equipo, adem\u00e1s de su director, Jos\u00e9 G\u00f3mez Cerda, la periodista Alma Santana como jefa de Redacci\u00f3n y la periodista Victoria Vanessa Burgos como Asistente de jefa de Redacci\u00f3n. Adem\u00e1s, &nbsp;el historiador Orlando Inoa es el editor.<\/p>\n\n\n\n<p>Luis C\u00f3rdova es narrador y colabora en medios nacionales como columnista de actualidad sociopol\u00edtica y cr\u00edtica de artes visuales. Su libro \u201cEl otro rojo de la muerte\u201d, obtuvo el Premio Nacional de Cuento Jaime Colson 2005 (otorgado por la Fundaci\u00f3n Brugal y la Sociedad Cultual Renovaci\u00f3n de Puerto Plata). Es columnista de El Nuevo Diario y Acento.<\/p>\n\n\n\n<p>Como gestor cultural ha sido presidente de la centenaria Sociedad Cultural Alianza Cibae\u00f1a, Inc., director de la Biblioteca P\u00fablica Dr. Joaqu\u00edn Balaguer, miembro del Ateneo Amantes de la Luz, Inc. y Casa de Arte, Inc., as\u00ed como fundador de la seccional de la Asociaci\u00f3n de Escritores y Periodistas Dominicanos en Santiago.<\/p>\n\n\n\n<p>Entre los reconocimientos que ha recibido est\u00e1 el Premio Nacional de la Juventud 2007 y el Premio a la Juventud Santiago Ap\u00f3stol 2008, ambos en la categor\u00eda Cultura.<\/p>\n\n\n\n<p>Actualmente Luis C\u00f3rdova es el director ejecutivo del Centro Faces (Foro Abierto de Cultura Econom\u00eda y Sociedad), ONG destinada al estudio y promoci\u00f3n de pol\u00edticas p\u00fablicas y es comentarista del programa Ent\u00e9rate con Bonilla, televisi\u00f3n nacional por Telemedios Dominicana, Canal 29 de lunes a viernes.<\/p>\n\n\n\n<p>Jos\u00e9 G\u00f3mez Cerda Presidente de la ASEPED <\/p>\n","protected":false},"excerpt":{"rendered":"<p>El comit\u00e9 ejecutivo de la Asociaci\u00f3n de Escritores y Periodistas Dominicanos (ASEPED), nombro un nuevo subdirector de la Revista digital PERIODISTAS Y ESCRITORES. Se trata del escritor y promotor cultural Luis C\u00f3rdova, quien es adem\u00e1s coordinador de la ASEPED para la provincia de Santiago. La revista digital \u201cPERIODISTAS Y ESCRITORES\u201d, es el \u00f3rgano de difusi\u00f3n [&hellip;]<\/p>\n","protected":false},"author":7,"featured_media":283754,"comment_status":"closed","ping_status":"","sticky":true,"template":"","format":"standard","meta":{"footnotes":""},"categories":[25,27],"tags":[],"class_list":["post-290469","post","type-post","status-publish","format-standard","has-post-thumbnail","hentry","category-gente","category-portada"],"_links":{"self":[{"href":"https:\/\/diariodominicano.com\/index.php?rest_route=\/wp\/v2\/posts\/290469","targetHints":{"allow":["GET"]}}],"collection":[{"href":"https:\/\/diariodominicano.com\/index.php?rest_route=\/wp\/v2\/posts"}],"about":[{"href":"https:\/\/diariodominicano.com\/index.php?rest_route=\/wp\/v2\/types\/post"}],"author":[{"embeddable":true,"href":"https:\/\/diariodominicano.com\/index.php?rest_route=\/wp\/v2\/users\/7"}],"replies":[{"embeddable":true,"href":"https:\/\/diariodominicano.com\/index.php?rest_route=%2Fwp%2Fv2%2Fcomments&post=290469"}],"version-history":[{"count":1,"href":"https:\/\/diariodominicano.com\/index.php?rest_route=\/wp\/v2\/posts\/290469\/revisions"}],"predecessor-version":[{"id":290480,"href":"https:\/\/diariodominicano.com\/index.php?rest_route=\/wp\/v2\/posts\/290469\/revisions\/290480"}],"wp:featuredmedia":[{"embeddable":true,"href":"https:\/\/diariodominicano.com\/index.php?rest_route=\/wp\/v2\/media\/283754"}],"wp:attachment":[{"href":"https:\/\/diariodominicano.com\/index.php?rest_route=%2Fwp%2Fv2%2Fmedia&parent=290469"}],"wp:term":[{"taxonomy":"category","embeddable":true,"href":"https:\/\/diariodominicano.com\/index.php?rest_route=%2Fwp%2Fv2%2Fcategories&post=290469"},{"taxonomy":"post_tag","embeddable":true,"href":"https:\/\/diariodominicano.com\/index.php?rest_route=%2Fwp%2Fv2%2Ftags&post=290469"}],"curies":[{"name":"wp","href":"https:\/\/api.w.org\/{rel}","templated":true}]}}