{"id":290467,"date":"2021-08-03T14:13:08","date_gmt":"2021-08-03T18:13:08","guid":{"rendered":"http:\/\/diariodominicano.com\/?p=290467"},"modified":"2021-08-03T14:15:29","modified_gmt":"2021-08-03T18:15:29","slug":"director-provincial-de-deportes-felicita-cluden-por-coronarse-campeon-minibaloncesto-de-santiago","status":"publish","type":"post","link":"https:\/\/diariodominicano.com\/?p=290467","title":{"rendered":"Director provincial de deportes felicita CLUDEN por coronarse campe\u00f3n minibaloncesto de Santiago"},"content":{"rendered":"\n<p><strong>SANTIAGO, Rep\u00fablica Dominicana .-<\/strong>\u00a0El director provincial de deportesMIDEREC, se\u00f1or Tony Pe\u00f1a R., felicit\u00f3 al equipo del Club Deportivo y Cultural El Ensue\u00f1o (CLUDEN), por coronarse campe\u00f3n del torneo del torneo de minibaloncesto de Santiago.<\/p>\n\n\n\n<p><strong>D<\/strong>e esta manera, la chiquillada del CLUDEN logra la corona por segundo a\u00f1o consecutivo en un masivo evento de m\u00e1s de 40 equipos organizado por la Asociaci\u00f3n de Baloncesto de Santiago (ABASACA).<\/p>\n\n\n\n<p><strong>\u201cF<\/strong>elicito al equipo del CLUDEN por este logro tan significativo, nuestros ni\u00f1os han ganado dos torneos consecutivos, ya anteriormente hab\u00edan sido campeones, esta haza\u00f1a nos llena de orgullo a los miembros de esa entidad y a los habitantes de nuestro barrio El Ensue\u00f1o\u201d dijo Pe\u00f1a R., quien es de los fundadores del club.<\/p>\n\n\n\n<p><strong>A<\/strong>l mismo tiempo, felicit\u00f3 a la ABASACA, a su presidente Jos\u00e9 Lu\u00eds Aracena y el comit\u00e9 ejecutivo de la misma, por la buena organizaci\u00f3n de un torneo de tanta envergadura que, a su juicio, es el futuro del baloncesto del pa\u00eds.<\/p>\n\n\n\n<p><strong>L<\/strong>os campeones son dirigidos por Melvin Rosario y V\u00edctor Pe\u00f1a, entrenan en la Escuela de Baloncesto Miguelito Suarez, que preside el Coordinador de la zona sur del Ministerio Dominicano de Deportes en Santiago, Homero Su\u00e1rez, quien a su vez es el presidente del CLUDEN&nbsp;&nbsp;&nbsp;&nbsp;&nbsp;&nbsp;&nbsp; .<\/p>\n\n\n\n<p><strong>E<\/strong>l equipo campe\u00f3n est\u00e1 compuesto por el jugador m\u00e1s valioso del evento, Raynier Maldonado y los ni\u00f1os, Nix Rosario, Jos\u00e9 Miguel F\u00e9lix, Jos\u00e9 Hidalgo, Ronell Guzm\u00e1n, Eidrian Grull\u00f3n y otros <\/p>\n","protected":false},"excerpt":{"rendered":"<p>SANTIAGO, Rep\u00fablica Dominicana .-\u00a0El director provincial de deportesMIDEREC, se\u00f1or Tony Pe\u00f1a R., felicit\u00f3 al equipo del Club Deportivo y Cultural El Ensue\u00f1o (CLUDEN), por coronarse campe\u00f3n del torneo del torneo de minibaloncesto de Santiago. De esta manera, la chiquillada del CLUDEN logra la corona por segundo a\u00f1o consecutivo en un masivo evento de m\u00e1s de [&hellip;]<\/p>\n","protected":false},"author":7,"featured_media":290471,"comment_status":"closed","ping_status":"","sticky":true,"template":"","format":"standard","meta":{"footnotes":""},"categories":[17,27],"tags":[],"class_list":["post-290467","post","type-post","status-publish","format-standard","has-post-thumbnail","hentry","category-deportes","category-portada"],"_links":{"self":[{"href":"https:\/\/diariodominicano.com\/index.php?rest_route=\/wp\/v2\/posts\/290467","targetHints":{"allow":["GET"]}}],"collection":[{"href":"https:\/\/diariodominicano.com\/index.php?rest_route=\/wp\/v2\/posts"}],"about":[{"href":"https:\/\/diariodominicano.com\/index.php?rest_route=\/wp\/v2\/types\/post"}],"author":[{"embeddable":true,"href":"https:\/\/diariodominicano.com\/index.php?rest_route=\/wp\/v2\/users\/7"}],"replies":[{"embeddable":true,"href":"https:\/\/diariodominicano.com\/index.php?rest_route=%2Fwp%2Fv2%2Fcomments&post=290467"}],"version-history":[{"count":3,"href":"https:\/\/diariodominicano.com\/index.php?rest_route=\/wp\/v2\/posts\/290467\/revisions"}],"predecessor-version":[{"id":290474,"href":"https:\/\/diariodominicano.com\/index.php?rest_route=\/wp\/v2\/posts\/290467\/revisions\/290474"}],"wp:featuredmedia":[{"embeddable":true,"href":"https:\/\/diariodominicano.com\/index.php?rest_route=\/wp\/v2\/media\/290471"}],"wp:attachment":[{"href":"https:\/\/diariodominicano.com\/index.php?rest_route=%2Fwp%2Fv2%2Fmedia&parent=290467"}],"wp:term":[{"taxonomy":"category","embeddable":true,"href":"https:\/\/diariodominicano.com\/index.php?rest_route=%2Fwp%2Fv2%2Fcategories&post=290467"},{"taxonomy":"post_tag","embeddable":true,"href":"https:\/\/diariodominicano.com\/index.php?rest_route=%2Fwp%2Fv2%2Ftags&post=290467"}],"curies":[{"name":"wp","href":"https:\/\/api.w.org\/{rel}","templated":true}]}}