{"id":290452,"date":"2021-08-03T10:56:05","date_gmt":"2021-08-03T14:56:05","guid":{"rendered":"http:\/\/diariodominicano.com\/?p=290452"},"modified":"2021-08-03T10:56:05","modified_gmt":"2021-08-03T14:56:05","slug":"rectora-emma-polanco-encabezo-acto-xii-aniversario-apertura-subcentro-uasd-neyba","status":"publish","type":"post","link":"https:\/\/diariodominicano.com\/?p=290452","title":{"rendered":"Rectora Emma Polanco encabez\u00f3  acto XII aniversario apertura Subcentro UASD-Neyba"},"content":{"rendered":"\n<p>diariodominicano.com<\/p>\n\n\n\n<p>Santo Domingo, R. D., 3 de agosto, 2021.-  La rectora Emma Polanco Melo encabez\u00f3 el acto de conmemoraci\u00f3n del aniversario n\u00famero 12 del Subcentro UASD-Neyba, en donde dijo que la presencia de la UASD all\u00ed impulsa la movilidad social\u00a0 y el desarrollo de los residentes de las provincias Bahoruco e Independencia.<\/p>\n\n\n\n<p>Previo al inicio del acto, la doctora Polanco Melo solicit\u00f3 a los presentes guardar un minuto de silencio por el fallecimiento de Johnny Ventura, destacado exponente del merengue, quien a trav\u00e9s de los a\u00f1os se constituy\u00f3 en la industria de la alegr\u00eda del pueblo dominicano y del mundo, y Patrimonio Inmaterial de la Humanidad, declarado por la UNESCO.<\/p>\n\n\n\n<p>La rectora de la Primada de Am\u00e9rico&nbsp; reconoci\u00f3 el trabajo del&nbsp; doctor Franklin Gracia Ferm\u00edn, Ministro de Educaci\u00f3n Superior Ciencia y Tecnolog\u00eda,&nbsp; quien tuvo la iniciativa de hacer el esfuerzo posible &nbsp;honor para que Neyba tenga su servicio de educaci\u00f3n superior universitaria.<\/p>\n\n\n\n<p>\u201cHoy, los j\u00f3venes y adultos que tienen la oportunidad de finalizar la escuela secundaria, ya no tienen excusas ni pretextos para ingresar y matricularse a la universidad, pues aqu\u00ed est\u00e1 la UASD del pueblo dominicano impulsar la necesaria movilidad social y el desarrollo en las provincias Bahoruco&nbsp; e Independencia y sus municipios\u201d, expres\u00f3 Polanco Melo. .<\/p>\n\n\n\n<p>Indic\u00f3 que como m\u00e1xima autoridad acad\u00e9mica, tiene el compromiso hacer el esfuerzo para que el Subcentro UASD-Neyba aumente la demanda en la matriculaci\u00f3n estudiantil, y con el paso del tiempo se convierte en Centro y luego en Recinto, porque de ese modo \u201caumenta el desarrollo de la gente, de las comunidades y as\u00ed viene el progreso de la sociedad dominicana en su conjunto\u201d, destac\u00f3 la rectora.<\/p>\n\n\n\n<p>Subray\u00f3 que el gran desaf\u00edo que tienen las autoridades universitaria, gubernamentales&nbsp; y los sectores productivos de Neyba es aunar esfuerzos para que el Subcentro UASD aumente considerablemente el ingreso de estudiantes interesados en formarse para alcanzar los niveles que permitan cambiar sus vidas y aumentar el progreso como pueblo.<\/p>\n\n\n\n<p>La actividad cont\u00f3 con la presencia de las autoridades del subcentro de Neyba, y de la provincia, encabezada por la alcald\u00eda, quienes le entregaron un reconocimiento a la rectora, Emma Polanco Melo<\/p>\n\n\n\n<p>Fuente:  <strong>Relaciones P\u00fablicas<\/strong><\/p>\n","protected":false},"excerpt":{"rendered":"<p>diariodominicano.com Santo Domingo, R. D., 3 de agosto, 2021.- La rectora Emma Polanco Melo encabez\u00f3 el acto de conmemoraci\u00f3n del aniversario n\u00famero 12 del Subcentro UASD-Neyba, en donde dijo que la presencia de la UASD all\u00ed impulsa la movilidad social\u00a0 y el desarrollo de los residentes de las provincias Bahoruco e Independencia. Previo al inicio [&hellip;]<\/p>\n","protected":false},"author":5,"featured_media":290453,"comment_status":"closed","ping_status":"","sticky":true,"template":"","format":"standard","meta":{"footnotes":""},"categories":[21,27],"tags":[],"class_list":["post-290452","post","type-post","status-publish","format-standard","has-post-thumbnail","hentry","category-cultura","category-portada"],"_links":{"self":[{"href":"https:\/\/diariodominicano.com\/index.php?rest_route=\/wp\/v2\/posts\/290452","targetHints":{"allow":["GET"]}}],"collection":[{"href":"https:\/\/diariodominicano.com\/index.php?rest_route=\/wp\/v2\/posts"}],"about":[{"href":"https:\/\/diariodominicano.com\/index.php?rest_route=\/wp\/v2\/types\/post"}],"author":[{"embeddable":true,"href":"https:\/\/diariodominicano.com\/index.php?rest_route=\/wp\/v2\/users\/5"}],"replies":[{"embeddable":true,"href":"https:\/\/diariodominicano.com\/index.php?rest_route=%2Fwp%2Fv2%2Fcomments&post=290452"}],"version-history":[{"count":1,"href":"https:\/\/diariodominicano.com\/index.php?rest_route=\/wp\/v2\/posts\/290452\/revisions"}],"predecessor-version":[{"id":290454,"href":"https:\/\/diariodominicano.com\/index.php?rest_route=\/wp\/v2\/posts\/290452\/revisions\/290454"}],"wp:featuredmedia":[{"embeddable":true,"href":"https:\/\/diariodominicano.com\/index.php?rest_route=\/wp\/v2\/media\/290453"}],"wp:attachment":[{"href":"https:\/\/diariodominicano.com\/index.php?rest_route=%2Fwp%2Fv2%2Fmedia&parent=290452"}],"wp:term":[{"taxonomy":"category","embeddable":true,"href":"https:\/\/diariodominicano.com\/index.php?rest_route=%2Fwp%2Fv2%2Fcategories&post=290452"},{"taxonomy":"post_tag","embeddable":true,"href":"https:\/\/diariodominicano.com\/index.php?rest_route=%2Fwp%2Fv2%2Ftags&post=290452"}],"curies":[{"name":"wp","href":"https:\/\/api.w.org\/{rel}","templated":true}]}}